{"id":9971,"date":"2015-07-16T12:23:12","date_gmt":"2015-07-16T17:23:12","guid":{"rendered":"http:\/\/summainferno.com\/?p=9971"},"modified":"2015-07-16T12:23:12","modified_gmt":"2015-07-16T17:23:12","slug":"video-ghost-presentando-a-papa-emeritus-iii","status":"publish","type":"post","link":"https:\/\/summainferno.com\/en\/video-ghost-presentando-a-papa-emeritus-iii\/","title":{"rendered":"[Video] GHOST: Presentando a Papa Emeritus III"},"content":{"rendered":"<p>&nbsp;<br \/>\nA\u00fan cuando do ya llevar\u00eda varias semanas activo, es hasta ahora cuando los suecos <b>GHOST<\/b> presentan mediante un v\u00eddeo, de forma oficial a su &#8220;nuevo&#8221; frontman <b>Papa Emeritus III<\/b>.<\/p>\n<p><i>&#8220;Afortunadamente para nosotros, no tuvimos que hacer audiciones para encontrar a nuestro nuevo Emeritus&#8221;<\/i> dice uno de los Nameless Ghouls, <i>&#8220;Solamente esperemos que alguien est\u00e9 en el momento justo. Generalmente no vemos muchos a nuestros &#8216;Papas&#8217; porque se la pasan con las &#8216;Mamas&#8217; [Risas]. Suelen aparecer en cuanto subimos al escenario y luego desaparecen igual de r\u00e1pido. No fraternizamos ni socializamos mucho con ellos, lo cual es genial. La verdad es que no lo conozco [a Emeritus III] demasiado bien.&#8221;<\/i><\/p>\n<p>Sobre el hecho de que hasta el momento todos sus &#8216;Papas&#8217; llevan el nombre de Emeritus, coment\u00f3: &#8220;Bueno, es algo ir\u00f3nico. Dentro de la tradici\u00f3n papal, el nombre &#8216;Emeritus&#8217; signi<i>fica que ya est\u00e1s muerto. Nunca recibir\u00e1s este t\u00edtulo hasta que est\u00e9s muerto. Benedicto XVI fue el primero en recibirlo en vida en unos&#8230; 400 a\u00f1os y eso porque se retir\u00f3.&#8221;<\/i><\/p>\n<p>El tercer \u00e1lbum de <b>GHOST<\/b>, <b><i>&#8216;Meliora&#8217; <\/i><\/b>ver\u00e1 la luz el pr\u00f3ximo 21 de Agosto para que despu\u00e9s, la banda emprenda una gira por Norteam\u00e9rica.&nbsp;<br \/>\n<iframe class=\"zeen-lazy-load-base zeen-lazy-load\" width=\"1200\" height=\"675\" src=\"about:blank\" data-lazy-src=\"https:\/\/www.youtube.com\/embed\/MFREQcRaqlk?feature=oembed\" frameborder=\"0\" allowfullscreen><\/iframe><noscript><iframe width=\"1200\" height=\"675\" src=\"https:\/\/www.youtube.com\/embed\/MFREQcRaqlk?feature=oembed\" frameborder=\"0\" allowfullscreen><\/iframe><\/noscript><\/p>\n","protected":false},"excerpt":{"rendered":"<p>&nbsp; A\u00fan cuando do ya llevar\u00eda varias semanas activo, es hasta ahora cuando los suecos GHOST presentan mediante un v\u00eddeo, de forma oficial a su &#8220;nuevo&#8221; frontman Papa Emeritus III. &#8220;Afortunadamente para nosotros, no tuvimos que hacer audiciones para encontrar a nuestro nuevo Emeritus&#8221; dice uno de los Nameless Ghouls, &#8220;Solamente esperemos que alguien est\u00e9 en el momento justo. Generalmente no vemos muchos a nuestros &#8216;Papas&#8217; porque se la pasan con las &#8216;Mamas&#8217; [Risas]. Suelen aparecer en cuanto subimos al [&hellip;]<\/p>\n","protected":false},"author":1,"featured_media":9970,"comment_status":"open","ping_status":"open","sticky":false,"template":"","format":"standard","meta":{"footnotes":""},"categories":[2],"tags":[202],"class_list":["post-9971","post","type-post","status-publish","format-standard","has-post-thumbnail","hentry","category-rock","tag-ghost"],"_links":{"self":[{"href":"https:\/\/summainferno.com\/en\/wp-json\/wp\/v2\/posts\/9971","targetHints":{"allow":["GET"]}}],"collection":[{"href":"https:\/\/summainferno.com\/en\/wp-json\/wp\/v2\/posts"}],"about":[{"href":"https:\/\/summainferno.com\/en\/wp-json\/wp\/v2\/types\/post"}],"author":[{"embeddable":true,"href":"https:\/\/summainferno.com\/en\/wp-json\/wp\/v2\/users\/1"}],"replies":[{"embeddable":true,"href":"https:\/\/summainferno.com\/en\/wp-json\/wp\/v2\/comments?post=9971"}],"version-history":[{"count":0,"href":"https:\/\/summainferno.com\/en\/wp-json\/wp\/v2\/posts\/9971\/revisions"}],"wp:featuredmedia":[{"embeddable":true,"href":"https:\/\/summainferno.com\/en\/wp-json\/"}],"wp:attachment":[{"href":"https:\/\/summainferno.com\/en\/wp-json\/wp\/v2\/media?parent=9971"}],"wp:term":[{"taxonomy":"category","embeddable":true,"href":"https:\/\/summainferno.com\/en\/wp-json\/wp\/v2\/categories?post=9971"},{"taxonomy":"post_tag","embeddable":true,"href":"https:\/\/summainferno.com\/en\/wp-json\/wp\/v2\/tags?post=9971"}],"curies":[{"name":"wp","href":"https:\/\/api.w.org\/{rel}","templated":true}]}}