{"id":9582,"date":"2015-05-18T09:49:48","date_gmt":"2015-05-18T14:49:48","guid":{"rendered":"http:\/\/summainferno.com\/?p=9582"},"modified":"2015-05-18T09:49:48","modified_gmt":"2015-05-18T14:49:48","slug":"rammstein-comenzara-a-trabajar-en-un-nuevo-album","status":"publish","type":"post","link":"https:\/\/summainferno.com\/en\/rammstein-comenzara-a-trabajar-en-un-nuevo-album\/","title":{"rendered":"RAMMSTEIN comenzar\u00e1 a trabajar en un nuevo \u00e1lbum"},"content":{"rendered":"<p>&nbsp;<\/p>\n<p>Buenas noticias. Por fin, un poco de luz sobre el futuro de <strong>Rammstein<\/strong> es lo que arroja una reciente entrevista telef\u00f3nica de <strong>Till Lindemann<\/strong> con el sitio canadiense<a href=\"http:\/\/www.musikuniverse.mu\/entrevues\/item\/2323-lindemann-entrevue-audio-avec-till-lindemann-et-peter-tagtgren\" target=\"_blank\" rel=\"noopener\"> MusikUniverse<\/a>. A pregunta expresa sobre cuando regresar\u00eda Rammstein al ruedo, Lindemann dijo que la pre-producci\u00f3n del nuevo \u00e1lbum comenazar\u00e1 en Septiembre de este mismo a\u00f1o y que el lanzamiento ser\u00eda en 2017, pero que vendr\u00e1n lanzamientos a corto plazo.<\/p>\n<p>Puedes escuchar la entrevista a trav\u00e9s del widget de YouTube, m\u00e1s abajo.<\/p>\n<p>&nbsp;<\/p>\n<blockquote>\n<h5>\u201cCOMENZAREMOS LA PRE-PRODUCCI\u00d3N [DEL NUEVO \u00c1LBUM] EN SEPTIEMBRE. GENERALMENTE, UNA PRODUCCI\u00d3N DE RAMMSTEIN TARDA UNOS DOS A\u00d1OS, AS\u00cd QUE&#8230; PERO BUENO, COMENZAREMOS EN SEPTIEMBRE, ESO ES SEGURO. SALDR\u00cdA EN 2017, CREO YO.\u201c<\/h5>\n<\/blockquote>\n<p>&nbsp;<\/p>\n<p><iframe class=\"zeen-lazy-load-base zeen-lazy-load\" width=\"1200\" height=\"675\" src=\"about:blank\" data-lazy-src=\"https:\/\/www.youtube.com\/embed\/-1oLtEpNf90?feature=oembed\" frameborder=\"0\" allowfullscreen><\/iframe><noscript><iframe width=\"1200\" height=\"675\" src=\"https:\/\/www.youtube.com\/embed\/-1oLtEpNf90?feature=oembed\" frameborder=\"0\" allowfullscreen><\/iframe><\/noscript><\/p>\n","protected":false},"excerpt":{"rendered":"<p>&nbsp; Buenas noticias. Por fin, un poco de luz sobre el futuro de Rammstein es lo que arroja una reciente entrevista telef\u00f3nica de Till Lindemann con el sitio canadiense MusikUniverse. A pregunta expresa sobre cuando regresar\u00eda Rammstein al ruedo, Lindemann dijo que la pre-producci\u00f3n del nuevo \u00e1lbum comenazar\u00e1 en Septiembre de este mismo a\u00f1o y que el lanzamiento ser\u00eda en 2017, pero que vendr\u00e1n lanzamientos a corto plazo. Puedes escuchar la entrevista a trav\u00e9s del widget de YouTube, m\u00e1s abajo. [&hellip;]<\/p>\n","protected":false},"author":1,"featured_media":9583,"comment_status":"open","ping_status":"open","sticky":false,"template":"","format":"standard","meta":{"footnotes":""},"categories":[111],"tags":[9,278],"class_list":["post-9582","post","type-post","status-publish","format-standard","has-post-thumbnail","hentry","category-destacado","tag-nuevo-album","tag-rammstein"],"_links":{"self":[{"href":"https:\/\/summainferno.com\/en\/wp-json\/wp\/v2\/posts\/9582","targetHints":{"allow":["GET"]}}],"collection":[{"href":"https:\/\/summainferno.com\/en\/wp-json\/wp\/v2\/posts"}],"about":[{"href":"https:\/\/summainferno.com\/en\/wp-json\/wp\/v2\/types\/post"}],"author":[{"embeddable":true,"href":"https:\/\/summainferno.com\/en\/wp-json\/wp\/v2\/users\/1"}],"replies":[{"embeddable":true,"href":"https:\/\/summainferno.com\/en\/wp-json\/wp\/v2\/comments?post=9582"}],"version-history":[{"count":0,"href":"https:\/\/summainferno.com\/en\/wp-json\/wp\/v2\/posts\/9582\/revisions"}],"wp:featuredmedia":[{"embeddable":true,"href":"https:\/\/summainferno.com\/en\/wp-json\/"}],"wp:attachment":[{"href":"https:\/\/summainferno.com\/en\/wp-json\/wp\/v2\/media?parent=9582"}],"wp:term":[{"taxonomy":"category","embeddable":true,"href":"https:\/\/summainferno.com\/en\/wp-json\/wp\/v2\/categories?post=9582"},{"taxonomy":"post_tag","embeddable":true,"href":"https:\/\/summainferno.com\/en\/wp-json\/wp\/v2\/tags?post=9582"}],"curies":[{"name":"wp","href":"https:\/\/api.w.org\/{rel}","templated":true}]}}