{"id":944,"date":"2013-10-30T19:04:50","date_gmt":"2013-10-30T19:04:50","guid":{"rendered":"http:\/\/summainferno.com\/?p=944"},"modified":"2013-10-30T19:04:50","modified_gmt":"2013-10-30T19:04:50","slug":"motorhead-aplaza-su-gira-europea-por-los-problemas-de-salud-de-lemmy","status":"publish","type":"post","link":"https:\/\/summainferno.com\/en\/motorhead-aplaza-su-gira-europea-por-los-problemas-de-salud-de-lemmy\/","title":{"rendered":"M\u00f6torhead aplaza su gira Europea por los problemas de salud de Lemmy"},"content":{"rendered":"<p>A causa de los diversos problemas de salud que ha presentado el lider de <strong>M\u00f6torhead<\/strong>, Lemmy Kilmister, M\u00f6torhead se ha visto forzada a aplazar su gira europea hasta el pr\u00f3ximo a\u00f1o.<\/p>\n<p>El mismo vocalista lo inform\u00f3 a trav\u00e9s de un comunicado: <em>&#8220;Estoy muy triste de informarles que M\u00f6torhead tendr\u00e1 que aplazar su gira por Europa hasta el pr\u00f3ximo a\u00f1o, 2014.<\/em><\/p>\n<p><em>Tomamos la decisi\u00f3n porque todav\u00eda no estoy listo para encarar la carretera, aunque estoy trabajando para estar al 100% de mi capacidad y\u00a0 para estar bien de salud. No se preocupen, no voy a empezar a recomendar el veganismo o las bebidas sin alcohol, pero s\u00ed es cierto que me estoy replanteando aspectos de mi vida que me aseguren poder volver y estar m\u00e1s fuerte que nunca.<\/p>\n<p>Me desilusiona enormemente tener que decir que a\u00fan no estoy listo para afrontar el tour, pero me molestar\u00eda m\u00e1s salir de gira, hacer algunos conciertos a medias y ver que mi salud se termina antes de que finalice la gira. Cuando la gente va a ver un concierto de\u00a0<b>MOT\u00d6RHEAD<\/b>, esperan un concierto de\u00a0<b>MOT\u00d6RHEAD<\/b>, y es exactamente lo que van a tener cuando est\u00e9 listo para detonar.<\/p>\n<p>Gracias por su paciencia y comprensi\u00f3n&#8230; me estoy poniendo m\u00e1s y m\u00e1s fuerte cada d\u00eda, por lo que esperen, Europa, nos vemos en primavera.<\/p>\n<p>Gracias a todos&#8221;.<\/em><\/p>","protected":false},"excerpt":{"rendered":"<p>A causa de los diversos problemas de salud que ha presentado el lider de M\u00f6torhead, Lemmy Kilmister, M\u00f6torhead se ha visto forzada a aplazar su gira europea hasta el pr\u00f3ximo a\u00f1o. El mismo vocalista lo inform\u00f3 a trav\u00e9s de un comunicado: &#8220;Estoy muy triste de informarles que M\u00f6torhead tendr\u00e1 que aplazar su gira por Europa hasta el pr\u00f3ximo a\u00f1o, 2014. Tomamos la decisi\u00f3n porque todav\u00eda no estoy listo para encarar la carretera, aunque estoy trabajando para estar al 100% de [&hellip;]<\/p>\n","protected":false},"author":1,"featured_media":945,"comment_status":"open","ping_status":"open","sticky":false,"template":"","format":"standard","meta":{"footnotes":""},"categories":[31],"tags":[497,498,664],"class_list":["post-944","post","type-post","status-publish","format-standard","has-post-thumbnail","hentry","category-metal","tag-lemmy-kilmister","tag-motorhead","tag-tour-europeo"],"_links":{"self":[{"href":"https:\/\/summainferno.com\/en\/wp-json\/wp\/v2\/posts\/944","targetHints":{"allow":["GET"]}}],"collection":[{"href":"https:\/\/summainferno.com\/en\/wp-json\/wp\/v2\/posts"}],"about":[{"href":"https:\/\/summainferno.com\/en\/wp-json\/wp\/v2\/types\/post"}],"author":[{"embeddable":true,"href":"https:\/\/summainferno.com\/en\/wp-json\/wp\/v2\/users\/1"}],"replies":[{"embeddable":true,"href":"https:\/\/summainferno.com\/en\/wp-json\/wp\/v2\/comments?post=944"}],"version-history":[{"count":0,"href":"https:\/\/summainferno.com\/en\/wp-json\/wp\/v2\/posts\/944\/revisions"}],"wp:featuredmedia":[{"embeddable":true,"href":"https:\/\/summainferno.com\/en\/wp-json\/"}],"wp:attachment":[{"href":"https:\/\/summainferno.com\/en\/wp-json\/wp\/v2\/media?parent=944"}],"wp:term":[{"taxonomy":"category","embeddable":true,"href":"https:\/\/summainferno.com\/en\/wp-json\/wp\/v2\/categories?post=944"},{"taxonomy":"post_tag","embeddable":true,"href":"https:\/\/summainferno.com\/en\/wp-json\/wp\/v2\/tags?post=944"}],"curies":[{"name":"wp","href":"https:\/\/api.w.org\/{rel}","templated":true}]}}