{"id":9331,"date":"2015-04-03T16:03:42","date_gmt":"2015-04-03T22:03:42","guid":{"rendered":"http:\/\/summainferno.com\/?p=9331"},"modified":"2015-04-03T16:03:42","modified_gmt":"2015-04-03T22:03:42","slug":"and-one-nuevo-video-zeit-ohne-zeit","status":"publish","type":"post","link":"https:\/\/summainferno.com\/en\/and-one-nuevo-video-zeit-ohne-zeit\/","title":{"rendered":"AND ONE: Nuevo video, &#8216;Zeit Ohne Zeit&#8217;"},"content":{"rendered":"<p>&nbsp;<\/p>\n<p>Germans <strong>And One<\/strong> han presentado su nuevo video oficial. <em>&#8216;Zeit Ohne Zeit&#8217;<\/em> es parte de<strong><em> &#8216;Magnet&#8217;<\/em><\/strong>, el nuevo \u00e1lbum de la ic\u00f3nica agrupaci\u00f3n liderada por <strong>Steve Naghavi<\/strong>.<\/p>\n<p>La banda est\u00e1 de gira por su natal Alemania y esperamos que por fin regresen a nuestro pa\u00eds, al que no visitan desde 2008.<\/p>\n<p>&nbsp;<\/p>\n<p><iframe class=\"zeen-lazy-load-base zeen-lazy-load\" width=\"1200\" height=\"675\" src=\"about:blank\" data-lazy-src=\"https:\/\/www.youtube.com\/embed\/Xad5QLKzfJ8?feature=oembed\" frameborder=\"0\" allowfullscreen><\/iframe><noscript><iframe width=\"1200\" height=\"675\" src=\"https:\/\/www.youtube.com\/embed\/Xad5QLKzfJ8?feature=oembed\" frameborder=\"0\" allowfullscreen><\/iframe><\/noscript><\/p>","protected":false},"excerpt":{"rendered":"<p>&nbsp; Los alemanes And One han presentado su nuevo video oficial. &#8216;Zeit Ohne Zeit&#8217; es parte de &#8216;Magnet&#8217;, el nuevo \u00e1lbum de la ic\u00f3nica agrupaci\u00f3n liderada por Steve Naghavi. La banda est\u00e1 de gira por su natal Alemania y esperamos que por fin regresen a nuestro pa\u00eds, al que no visitan desde 2008. &nbsp;<\/p>","protected":false},"author":1,"featured_media":9332,"comment_status":"open","ping_status":"open","sticky":false,"template":"","format":"standard","meta":{"footnotes":""},"categories":[111,1689],"tags":[],"class_list":["post-9331","post","type-post","status-publish","format-standard","has-post-thumbnail","hentry","category-destacado","category-synthpop-entrevistas"],"_links":{"self":[{"href":"https:\/\/summainferno.com\/en\/wp-json\/wp\/v2\/posts\/9331","targetHints":{"allow":["GET"]}}],"collection":[{"href":"https:\/\/summainferno.com\/en\/wp-json\/wp\/v2\/posts"}],"about":[{"href":"https:\/\/summainferno.com\/en\/wp-json\/wp\/v2\/types\/post"}],"author":[{"embeddable":true,"href":"https:\/\/summainferno.com\/en\/wp-json\/wp\/v2\/users\/1"}],"replies":[{"embeddable":true,"href":"https:\/\/summainferno.com\/en\/wp-json\/wp\/v2\/comments?post=9331"}],"version-history":[{"count":0,"href":"https:\/\/summainferno.com\/en\/wp-json\/wp\/v2\/posts\/9331\/revisions"}],"wp:featuredmedia":[{"embeddable":true,"href":"https:\/\/summainferno.com\/en\/wp-json\/"}],"wp:attachment":[{"href":"https:\/\/summainferno.com\/en\/wp-json\/wp\/v2\/media?parent=9331"}],"wp:term":[{"taxonomy":"category","embeddable":true,"href":"https:\/\/summainferno.com\/en\/wp-json\/wp\/v2\/categories?post=9331"},{"taxonomy":"post_tag","embeddable":true,"href":"https:\/\/summainferno.com\/en\/wp-json\/wp\/v2\/tags?post=9331"}],"curies":[{"name":"wp","href":"https:\/\/api.w.org\/{rel}","templated":true}]}}