{"id":8698,"date":"2015-01-21T13:59:42","date_gmt":"2015-01-21T19:59:42","guid":{"rendered":"http:\/\/summainferno.com\/?p=8698"},"modified":"2015-01-21T13:59:42","modified_gmt":"2015-01-21T19:59:42","slug":"adios-jose-cuervo-salon","status":"publish","type":"post","link":"https:\/\/summainferno.com\/en\/adios-jose-cuervo-salon\/","title":{"rendered":"\u00a1Adi\u00f3s, Jose Cuervo Sal\u00f3n!"},"content":{"rendered":"<p>&nbsp;<\/p>\n<p>El primer mes del a\u00f1o ha tra\u00eddo el fin de uno de los venues m\u00e1s representativos de la ciudad de M\u00e9xico en cuanto a conciertos y a otros tipos de eventos se refiere, el <strong>Jos\u00e9 Cuervo Sal\u00f3n<\/strong>\u00a0[antes Vive Cuervo Sal\u00f3n o Sal\u00f3n 21] no operar\u00e1 m\u00e1s y en su lugar podr\u00eda llegar un nuevo edificio o centro comercial.<\/p>\n<p><strong>OCESA<\/strong>, la operadora del inmueble, no ha emitido alg\u00fan comunicado para explicar la raz\u00f3n del cierre y en las redes sociales del <strong>Jos\u00e9 Cuervo<\/strong> s\u00f3lo hay publicaciones anunciando los cambios de sede de los conciertos que estaban planeados para realizarse ah\u00ed, tal es el caso de <strong>ESPECIMEN<\/strong>, <strong>Arch Enemy \/ Dark Tranquillity<\/strong>, <strong>La Roux<\/strong> y <strong>No Te Va Gustar<\/strong>.<\/p>\n<p>De acuerdo a<a href=\"http:\/\/la-sangre-de-metal.blogspot.mx\/2015\/01\/rip-jose-cuervo-salon-antes-salon-21.html\" target=\"_blank\" rel=\"noopener\"> una entrada en el blog &#8220;Sangre de Metal&#8221; de Luis Jasso<\/a>, o<em> \u201cChico Migra\u00f1a\u201d<\/em>, quien fuera encargado de prensa de OCESA y por consecuencia alguien apto para referirse al tema, hay un par de teor\u00edas que podr\u00edan exponer el motivo (seg\u00fan versiones llegadas a \u00e9l y sin revelar nombres).<\/p>\n<p>La primera ata\u00f1e al factor vecinal:<em> \u201cUna es que los vecinos de la zona (sobre todo en tiempos recientes ya que se han construido muchos edificios de departamentos) se quejan del ruido y el desmadre en general que provocan los chavos cuando hay conciertos.\u201d<\/em><\/p>\n<p>Aqu\u00e9llo responde a esa costumbre que la gente resiste a abandonar, la de formarse horas antes de la apertura de puertas (a veces desde la noche anterior al evento) y que hace relativamente poco fue ingrediente para un par\u00f3n de actividades del<strong> Auditorio BlackBerry<\/strong> en la Hip\u00f3dromo Condesa, cuando los vecinos y los negocios circundantes comenzaron a quejarse del caos provocado por los asistentes y su mal comportamiento, sumado a lo conflictivo de hacer una fila en esa zona rodeada de puestos ambulantes, restaurantes, <em>food trucks<\/em> y dem\u00e1s comercios. Sin duda hay personas que no pretenden ocasionar desmadre y s\u00f3lo quieren estar lo m\u00e1s cerca posible de sus bandas favoritas, pero desgraciadamente la conducta troglodita de otros tipos afecta a todos. Y quiz\u00e1 el asunto de las filas s\u00faper tempraneras deber\u00eda comenzar a extinguirse.<\/p>\n<p>Aunque la raz\u00f3n verdadera no parece ir por ah\u00ed, a fin de cuentas el <strong>ex Sal\u00f3n 21<\/strong> llevaba sus buenos a\u00f1os recibiendo espect\u00e1culos (a diferencia del citado BlackBerry). Si tomamos en cuenta que esa parte de las colonias Ampliaci\u00f3n Granada (donde se ubica \u2013o ubicaba- el Sal\u00f3n), Granada y Polanco ha ido transform\u00e1ndose en un zona llamada el <em>\u201cNuevo Polanco\u201d<\/em> con el arribo en los recientes a\u00f1os de inmuebles como el <strong>Teatro Telcel<\/strong>, el <strong>Museo Soumaya<\/strong>, el <strong>Museo Jumex<\/strong>, <strong>Antara<\/strong>, entre otros, el argumento podr\u00eda inclinarse m\u00e1s por el m\u00f3vil comercial.<\/p>\n<p>Citando una vez m\u00e1s a Luis Jasso:<em> \u201c(\u2026) alg\u00fan grupo inmobiliario de esos muy picudos que son los que andan construyendo edificios en esa zona (\u2026) quieren hacer ah\u00ed mismo un edificio\/Plaza Comercial enorme y de acuerdo a la versi\u00f3n que conozco habr\u00edan pagado una muy fuerte cantidad de dinero para que se tire el Cuervo y as\u00ed poder levantar la construcci\u00f3n nueva.\u201d<\/em><\/p>\n<p>El tema de la inmobiliaria y una nueva \u00e1rea mercantil pesar\u00eda m\u00e1s que el de los vecinos, y suena m\u00e1s sensato considerando las construcciones que actualmente contin\u00faan. Esa zona de Polanco est\u00e1 planeada para convertirse en una \u201cprivilegiada\u201d por decirlo de alguna manera, as\u00ed que no ser\u00eda disparatado pensar en aqu\u00e9llo como la justificaci\u00f3n real.<\/p>\n<p>Si bien el <strong>Jos\u00e9 Cuervo Sal\u00f3n<\/strong> no era precisamente el m\u00e1s querido por la gente debido a los tan mencionados factores del audio, las molestas columnas, la lejan\u00eda (para los que vivimos en partes alejadas de la civilizaci\u00f3n) o su ubicaci\u00f3n en zona industrial, es una pena que deba sacrificarse un lugar tradicional en el cual aparte de albergar conciertos se organizaban lanzamientos de marcas, fiestas privadas, hasta funciones de lucha libre y distintos espect\u00e1culos m\u00e1s. S\u00f3lo quedar\u00e1 el recuerdo de shows memorables como el de <strong>The Prodigy<\/strong> y <strong>Faith No More<\/strong>, ambos en 2009, o <strong>Yeah Yeah Yeahs<\/strong> hace poco m\u00e1s de 10 a\u00f1os, s\u00f3lo por mencionar algunos de la inmensidad de conciertos que se dieron ah\u00ed.<\/p>\n<p>Y mientras tanto, esperar un nuevo centro comercial de esos que ya casi no se construyen\u2026 claro, en caso de concretarse la teor\u00eda.<\/p>\n<p><strong>\u00a1Adi\u00f3s, Jose Cuervo Sal\u00f3n! Te vamos a extra\u00f1ar&#8230;<\/strong><\/p>\n","protected":false},"excerpt":{"rendered":"<p>&nbsp; El primer mes del a\u00f1o ha tra\u00eddo el fin de uno de los venues m\u00e1s representativos de la ciudad de M\u00e9xico en cuanto a conciertos y a otros tipos de eventos se refiere, el Jos\u00e9 Cuervo Sal\u00f3n\u00a0[antes Vive Cuervo Sal\u00f3n o Sal\u00f3n 21] no operar\u00e1 m\u00e1s y en su lugar podr\u00eda llegar un nuevo edificio o centro comercial. OCESA, la operadora del inmueble, no ha emitido alg\u00fan comunicado para explicar la raz\u00f3n del cierre y en las redes sociales [&hellip;]<\/p>\n","protected":false},"author":1,"featured_media":8700,"comment_status":"open","ping_status":"open","sticky":false,"template":"","format":"standard","meta":{"footnotes":""},"categories":[169,111],"tags":[1760,115],"class_list":["post-8698","post","type-post","status-publish","format-standard","has-post-thumbnail","hentry","category-columnas","category-destacado","tag-cierra","tag-jose-cuervo-salon"],"_links":{"self":[{"href":"https:\/\/summainferno.com\/en\/wp-json\/wp\/v2\/posts\/8698","targetHints":{"allow":["GET"]}}],"collection":[{"href":"https:\/\/summainferno.com\/en\/wp-json\/wp\/v2\/posts"}],"about":[{"href":"https:\/\/summainferno.com\/en\/wp-json\/wp\/v2\/types\/post"}],"author":[{"embeddable":true,"href":"https:\/\/summainferno.com\/en\/wp-json\/wp\/v2\/users\/1"}],"replies":[{"embeddable":true,"href":"https:\/\/summainferno.com\/en\/wp-json\/wp\/v2\/comments?post=8698"}],"version-history":[{"count":0,"href":"https:\/\/summainferno.com\/en\/wp-json\/wp\/v2\/posts\/8698\/revisions"}],"wp:featuredmedia":[{"embeddable":true,"href":"https:\/\/summainferno.com\/en\/wp-json\/"}],"wp:attachment":[{"href":"https:\/\/summainferno.com\/en\/wp-json\/wp\/v2\/media?parent=8698"}],"wp:term":[{"taxonomy":"category","embeddable":true,"href":"https:\/\/summainferno.com\/en\/wp-json\/wp\/v2\/categories?post=8698"},{"taxonomy":"post_tag","embeddable":true,"href":"https:\/\/summainferno.com\/en\/wp-json\/wp\/v2\/tags?post=8698"}],"curies":[{"name":"wp","href":"https:\/\/api.w.org\/{rel}","templated":true}]}}