{"id":8577,"date":"2015-01-14T18:59:09","date_gmt":"2015-01-15T00:59:09","guid":{"rendered":"http:\/\/summainferno.com\/?p=8577"},"modified":"2015-01-14T18:59:09","modified_gmt":"2015-01-15T00:59:09","slug":"el-nuevo-dvd-en-vivo-de-rammstein-se-acerca","status":"publish","type":"post","link":"https:\/\/summainferno.com\/en\/el-nuevo-dvd-en-vivo-de-rammstein-se-acerca\/","title":{"rendered":"El nuevo DVD en vivo de RAMMSTEIN se acerca"},"content":{"rendered":"<h4><strong>El \u00faltimo \u00e1lbum en vivo de la banda, &#8216;V\u00f6lkerball&#8217;, data de 2006.<\/strong><\/h4>\n<p>En una reciente entrevista para \u00a0Radio Bob, el guitarrista de <strong>Rammstein,<\/strong>\u00a0<strong>Richard Kruspe<\/strong> habl\u00f3 sobre el lanzamiento del nuevo DVD en vivo del sexteto teut\u00f3n, grabado en el legendario Madison Square Garden de Nueva York en Diciembre del 2010:<\/p>\n<p><em>\u201cEstamos terminando ahora mismo un film documental de Rammstein en Am\u00e9rica\u2026 Tambi\u00e9n tenemos el DVD en vivo, el cual saldr\u00e1 -creo- en Marzo. Tenemos tambi\u00e9n el DVD desde el Bercy de Paris, dirigido por Jonas Akerlund. Sobre un nuevo \u00e1lbum, bueno, nos reuniremos en 2015 y veremos que sucede\u2026\u201d<\/em><\/p>\n<p>&nbsp;<\/p>\n<p><a href=\"http:\/\/summainferno.com\/wp-content\/uploads\/2015\/01\/rammstein-nyc.jpg\"><img decoding=\"async\" loading=\"lazy\" class=\"aligncenter size-full wp-image-8578\" src=\"http:\/\/summainferno.com\/wp-content\/uploads\/2015\/01\/rammstein-nyc.jpg\" alt=\"rammstein-nyc\" width=\"600\" height=\"760\" title=\"\"><noscript><img decoding=\"async\" class=\"aligncenter size-full wp-image-8578\" src=\"http:\/\/summainferno.com\/wp-content\/uploads\/2015\/01\/rammstein-nyc.jpg\" alt=\"rammstein-nyc\" width=\"600\" height=\"760\" title=\"\"><\/noscript><\/a><\/p>","protected":false},"excerpt":{"rendered":"<p>El \u00faltimo \u00e1lbum en vivo de la banda, &#8216;V\u00f6lkerball&#8217;, data de 2006. En una reciente entrevista para \u00a0Radio Bob, el guitarrista de Rammstein,\u00a0Richard Kruspe habl\u00f3 sobre el lanzamiento del nuevo DVD en vivo del sexteto teut\u00f3n, grabado en el legendario Madison Square Garden de Nueva York en Diciembre del 2010: \u201cEstamos terminando ahora mismo un film documental de Rammstein en Am\u00e9rica\u2026 Tambi\u00e9n tenemos el DVD en vivo, el cual saldr\u00e1 -creo- en Marzo. Tenemos tambi\u00e9n el DVD desde el Bercy [&hellip;]<\/p>\n","protected":false},"author":1,"featured_media":8579,"comment_status":"open","ping_status":"open","sticky":false,"template":"","format":"standard","meta":{"footnotes":""},"categories":[111,212],"tags":[],"class_list":["post-8577","post","type-post","status-publish","format-standard","has-post-thumbnail","hentry","category-destacado","category-industrial-metal"],"_links":{"self":[{"href":"https:\/\/summainferno.com\/en\/wp-json\/wp\/v2\/posts\/8577","targetHints":{"allow":["GET"]}}],"collection":[{"href":"https:\/\/summainferno.com\/en\/wp-json\/wp\/v2\/posts"}],"about":[{"href":"https:\/\/summainferno.com\/en\/wp-json\/wp\/v2\/types\/post"}],"author":[{"embeddable":true,"href":"https:\/\/summainferno.com\/en\/wp-json\/wp\/v2\/users\/1"}],"replies":[{"embeddable":true,"href":"https:\/\/summainferno.com\/en\/wp-json\/wp\/v2\/comments?post=8577"}],"version-history":[{"count":0,"href":"https:\/\/summainferno.com\/en\/wp-json\/wp\/v2\/posts\/8577\/revisions"}],"wp:featuredmedia":[{"embeddable":true,"href":"https:\/\/summainferno.com\/en\/wp-json\/"}],"wp:attachment":[{"href":"https:\/\/summainferno.com\/en\/wp-json\/wp\/v2\/media?parent=8577"}],"wp:term":[{"taxonomy":"category","embeddable":true,"href":"https:\/\/summainferno.com\/en\/wp-json\/wp\/v2\/categories?post=8577"},{"taxonomy":"post_tag","embeddable":true,"href":"https:\/\/summainferno.com\/en\/wp-json\/wp\/v2\/tags?post=8577"}],"curies":[{"name":"wp","href":"https:\/\/api.w.org\/{rel}","templated":true}]}}