{"id":8498,"date":"2015-01-09T09:13:52","date_gmt":"2015-01-09T15:13:52","guid":{"rendered":"http:\/\/summainferno.com\/?p=8498"},"modified":"2015-01-09T09:13:52","modified_gmt":"2015-01-09T15:13:52","slug":"vayijel-presenta-su-nuevo-video-j-ilol","status":"publish","type":"post","link":"https:\/\/summainferno.com\/en\/vayijel-presenta-su-nuevo-video-j-ilol\/","title":{"rendered":"VAYIJEL presenta su nuevo video, &#8216;J-ilol&#8217;"},"content":{"rendered":"<h4><strong>La segunda producci\u00f3n de Vayijel se encuentra en proceso.<\/strong><\/h4>\n<p>Una de las bandas mexicanas que m\u00e1s nos han llamado la atenci\u00f3n en los \u00faltimos a\u00f1os,<strong> Vayijel<\/strong> ha presentado su nuevo video,<em> &#8216;J-Ilol&#8217;<\/em> [&#8216;Curandero&#8217; en tsotsil], el cual podr\u00e1s ver a continuaci\u00f3n. El video fue filmado en el sureste mexicano por el director <strong>Javier Escudero<\/strong>.<\/p>\n<p>Tras su exitosa participaci\u00f3n en la <strong>Cumbre Taj\u00edn 2014<\/strong> junto a<strong> Tool<\/strong>, <strong>Puscifer<\/strong> y<strong> Primus<\/strong>; <strong>Vayijel<\/strong> se prepara para lanzar su segundo \u00e1lbum en alg\u00fan momento de 2015. Conoce m\u00e1s de la banda en el art\u00edculo que les realizamos hace unos meses, <a href=\"http:\/\/summainferno.com\/vayijel\/\">aqu\u00ed<\/a>.<\/p>\n<p>&nbsp;<br \/>\n<iframe class=\"zeen-lazy-load-base zeen-lazy-load\" src=\"about:blank\" data-lazy-src=\"\/\/www.youtube.com\/embed\/5bpmLgDClUs?rel=0&amp;controls=0&amp;showinfo=0\" width=\"740\" height=\"416\" frameborder=\"0\" allowfullscreen=\"allowfullscreen\"><\/iframe><noscript><iframe src=\"\/\/www.youtube.com\/embed\/5bpmLgDClUs?rel=0&amp;controls=0&amp;showinfo=0\" width=\"740\" height=\"416\" frameborder=\"0\" allowfullscreen=\"allowfullscreen\"><\/iframe><\/noscript><\/p>\n","protected":false},"excerpt":{"rendered":"<p>La segunda producci\u00f3n de Vayijel se encuentra en proceso. Una de las bandas mexicanas que m\u00e1s nos han llamado la atenci\u00f3n en los \u00faltimos a\u00f1os, Vayijel ha presentado su nuevo video, &#8216;J-Ilol&#8217; [&#8216;Curandero&#8217; en tsotsil], el cual podr\u00e1s ver a continuaci\u00f3n. El video fue filmado en el sureste mexicano por el director Javier Escudero. Tras su exitosa participaci\u00f3n en la Cumbre Taj\u00edn 2014 junto a Tool, Puscifer y Primus; Vayijel se prepara para lanzar su segundo \u00e1lbum en alg\u00fan momento [&hellip;]<\/p>\n","protected":false},"author":1,"featured_media":8500,"comment_status":"open","ping_status":"open","sticky":false,"template":"","format":"standard","meta":{"footnotes":""},"categories":[2],"tags":[223,84],"class_list":["post-8498","post","type-post","status-publish","format-standard","has-post-thumbnail","hentry","category-rock","tag-j-ilol","tag-vayijel"],"_links":{"self":[{"href":"https:\/\/summainferno.com\/en\/wp-json\/wp\/v2\/posts\/8498","targetHints":{"allow":["GET"]}}],"collection":[{"href":"https:\/\/summainferno.com\/en\/wp-json\/wp\/v2\/posts"}],"about":[{"href":"https:\/\/summainferno.com\/en\/wp-json\/wp\/v2\/types\/post"}],"author":[{"embeddable":true,"href":"https:\/\/summainferno.com\/en\/wp-json\/wp\/v2\/users\/1"}],"replies":[{"embeddable":true,"href":"https:\/\/summainferno.com\/en\/wp-json\/wp\/v2\/comments?post=8498"}],"version-history":[{"count":0,"href":"https:\/\/summainferno.com\/en\/wp-json\/wp\/v2\/posts\/8498\/revisions"}],"wp:featuredmedia":[{"embeddable":true,"href":"https:\/\/summainferno.com\/en\/wp-json\/"}],"wp:attachment":[{"href":"https:\/\/summainferno.com\/en\/wp-json\/wp\/v2\/media?parent=8498"}],"wp:term":[{"taxonomy":"category","embeddable":true,"href":"https:\/\/summainferno.com\/en\/wp-json\/wp\/v2\/categories?post=8498"},{"taxonomy":"post_tag","embeddable":true,"href":"https:\/\/summainferno.com\/en\/wp-json\/wp\/v2\/tags?post=8498"}],"curies":[{"name":"wp","href":"https:\/\/api.w.org\/{rel}","templated":true}]}}