{"id":8034,"date":"2014-12-03T10:34:18","date_gmt":"2014-12-03T16:34:18","guid":{"rendered":"http:\/\/summainferno.com\/?p=8034"},"modified":"2014-12-03T10:34:18","modified_gmt":"2014-12-03T16:34:18","slug":"behemoth-su-nuevo-video-ora-pro-nobis-lucifer","status":"publish","type":"post","link":"https:\/\/summainferno.com\/en\/behemoth-su-nuevo-video-ora-pro-nobis-lucifer\/","title":{"rendered":"BEHEMOTH: Su nuevo video, &#8216;Ora Pro Nobis Lucifer&#8217;"},"content":{"rendered":"<h4><strong>El video fue dirigido por Grupa 13, viejos conocidos de la banda.<\/strong><\/h4>\n<p>Los polacos de <strong>Behemoth<\/strong> han lanzado su nuevo video, <em>&#8216;Ora Pro Nobis Lucifer&#8217;<\/em>, tema extra\u00eddo de su m\u00e1s reciente \u00e1lbum <em>&#8216;The Satanist&#8217;<\/em>. El video fue dirigido por Grupa 13 quienes ya hab\u00edan trabajado con la banda, adem\u00e1s de otras agrupaciones como <strong>Amon Amarth<\/strong>.<\/p>\n<p><em>&#8216;The Satanist&#8217;<\/em> fue lanzado en Febrero de este a\u00f1o y la banda lanz\u00f3 un nuevo EP llamado <em>&#8216;Xiadz&#8217;<\/em> hace un par de semanas.<\/p>\n<p>&nbsp;<br \/>\n<iframe class=\"zeen-lazy-load-base zeen-lazy-load\" src=\"about:blank\" data-lazy-src=\"\/\/www.youtube.com\/embed\/Cx01fOYsc6E?rel=0&amp;controls=0&amp;showinfo=0\" width=\"740\" height=\"416\" frameborder=\"0\" allowfullscreen=\"allowfullscreen\"><\/iframe><noscript><iframe src=\"\/\/www.youtube.com\/embed\/Cx01fOYsc6E?rel=0&amp;controls=0&amp;showinfo=0\" width=\"740\" height=\"416\" frameborder=\"0\" allowfullscreen=\"allowfullscreen\"><\/iframe><\/noscript><\/p>","protected":false},"excerpt":{"rendered":"<p>El video fue dirigido por Grupa 13, viejos conocidos de la banda. Los polacos de Behemoth han lanzado su nuevo video, &#8216;Ora Pro Nobis Lucifer&#8217;, tema extra\u00eddo de su m\u00e1s reciente \u00e1lbum &#8216;The Satanist&#8217;. El video fue dirigido por Grupa 13 quienes ya hab\u00edan trabajado con la banda, adem\u00e1s de otras agrupaciones como Amon Amarth. &#8216;The Satanist&#8217; fue lanzado en Febrero de este a\u00f1o y la banda lanz\u00f3 un nuevo EP llamado &#8216;Xiadz&#8217; hace un par de semanas. &nbsp;<\/p>","protected":false},"author":1,"featured_media":8035,"comment_status":"open","ping_status":"open","sticky":false,"template":"","format":"standard","meta":{"footnotes":""},"categories":[1207,111],"tags":[],"class_list":["post-8034","post","type-post","status-publish","format-standard","has-post-thumbnail","hentry","category-black-metal","category-destacado"],"_links":{"self":[{"href":"https:\/\/summainferno.com\/en\/wp-json\/wp\/v2\/posts\/8034","targetHints":{"allow":["GET"]}}],"collection":[{"href":"https:\/\/summainferno.com\/en\/wp-json\/wp\/v2\/posts"}],"about":[{"href":"https:\/\/summainferno.com\/en\/wp-json\/wp\/v2\/types\/post"}],"author":[{"embeddable":true,"href":"https:\/\/summainferno.com\/en\/wp-json\/wp\/v2\/users\/1"}],"replies":[{"embeddable":true,"href":"https:\/\/summainferno.com\/en\/wp-json\/wp\/v2\/comments?post=8034"}],"version-history":[{"count":0,"href":"https:\/\/summainferno.com\/en\/wp-json\/wp\/v2\/posts\/8034\/revisions"}],"wp:featuredmedia":[{"embeddable":true,"href":"https:\/\/summainferno.com\/en\/wp-json\/"}],"wp:attachment":[{"href":"https:\/\/summainferno.com\/en\/wp-json\/wp\/v2\/media?parent=8034"}],"wp:term":[{"taxonomy":"category","embeddable":true,"href":"https:\/\/summainferno.com\/en\/wp-json\/wp\/v2\/categories?post=8034"},{"taxonomy":"post_tag","embeddable":true,"href":"https:\/\/summainferno.com\/en\/wp-json\/wp\/v2\/tags?post=8034"}],"curies":[{"name":"wp","href":"https:\/\/api.w.org\/{rel}","templated":true}]}}