{"id":6789,"date":"2014-10-08T09:47:18","date_gmt":"2014-10-08T15:47:18","guid":{"rendered":"http:\/\/summainferno.com\/?p=6789"},"modified":"2014-10-08T09:47:18","modified_gmt":"2014-10-08T15:47:18","slug":"saratoga-anuncia-su-regreso-a-los-escenarios","status":"publish","type":"post","link":"https:\/\/summainferno.com\/en\/saratoga-anuncia-su-regreso-a-los-escenarios\/","title":{"rendered":"SARATOGA anuncia su regreso a los escenarios"},"content":{"rendered":"<h4><strong>Se espera su regreso a M\u00e9xico pronto.<\/strong><\/h4>\n<p>El retiro de la banda espa\u00f1ola <strong>Saratoga<\/strong> dur\u00f3 apenas una a\u00f1o. Los comandados por <strong>Niko del Hierro<\/strong> han anunciado su regreso como banda, aunque no ha quedado del todo claro cual ser\u00e1 la alineaci\u00f3n que los madrile\u00f1os presentar\u00e1n en este ocasi\u00f3n.<\/p>\n<p>Saratoga estar\u00e1 de gira por diversas ciudades de Espa\u00f1a &#8211; y Latinoam\u00e9rica, suponemos por la gran cantidad de fans que la banda tiene por estos lares &#8211; y las fechas ser\u00e1n dadas a conocer pronto.<\/p>\n<p>&nbsp;<\/p>\n<p><iframe class=\"zeen-lazy-load-base zeen-lazy-load\" width=\"740\" height=\"416\" src=\"about:blank\" data-lazy-src=\"\/\/www.youtube.com\/embed\/K0yoNtUay0I?rel=0&amp;controls=0&amp;showinfo=0\" frameborder=\"0\" allowfullscreen><\/iframe><noscript><iframe width=\"740\" height=\"416\" src=\"\/\/www.youtube.com\/embed\/K0yoNtUay0I?rel=0&amp;controls=0&amp;showinfo=0\" frameborder=\"0\" allowfullscreen><\/iframe><\/noscript><br \/>\n&nbsp;<\/p>\n<p><center><script type=\"text\/javascript\">\/\/ <![CDATA[\ngoogle_ad_client = \"ca-pub-8282788028445307\";\n    google_ad_slot = \"6232665367\";\n    google_ad_width = 728;\n    google_ad_height = 90;\n\/\/ ]]><\/script><br \/>\n<!-- Summa News --><br \/>\n<script src=\"\/\/pagead2.googlesyndication.com\/pagead\/show_ads.js\" type=\"text\/javascript\">\/\/ <![CDATA[\n\n\n\/\/ ]]><\/script><\/center><\/p>\n","protected":false},"excerpt":{"rendered":"<p>Se espera su regreso a M\u00e9xico pronto. El retiro de la banda espa\u00f1ola Saratoga dur\u00f3 apenas una a\u00f1o. Los comandados por Niko del Hierro han anunciado su regreso como banda, aunque no ha quedado del todo claro cual ser\u00e1 la alineaci\u00f3n que los madrile\u00f1os presentar\u00e1n en este ocasi\u00f3n. Saratoga estar\u00e1 de gira por diversas ciudades de Espa\u00f1a &#8211; y Latinoam\u00e9rica, suponemos por la gran cantidad de fans que la banda tiene por estos lares &#8211; y las fechas ser\u00e1n dadas [&hellip;]<\/p>\n","protected":false},"author":1,"featured_media":6790,"comment_status":"open","ping_status":"open","sticky":false,"template":"","format":"standard","meta":{"footnotes":""},"categories":[31],"tags":[923,924],"class_list":["post-6789","post","type-post","status-publish","format-standard","has-post-thumbnail","hentry","category-metal","tag-regresa","tag-saratoga"],"_links":{"self":[{"href":"https:\/\/summainferno.com\/en\/wp-json\/wp\/v2\/posts\/6789","targetHints":{"allow":["GET"]}}],"collection":[{"href":"https:\/\/summainferno.com\/en\/wp-json\/wp\/v2\/posts"}],"about":[{"href":"https:\/\/summainferno.com\/en\/wp-json\/wp\/v2\/types\/post"}],"author":[{"embeddable":true,"href":"https:\/\/summainferno.com\/en\/wp-json\/wp\/v2\/users\/1"}],"replies":[{"embeddable":true,"href":"https:\/\/summainferno.com\/en\/wp-json\/wp\/v2\/comments?post=6789"}],"version-history":[{"count":0,"href":"https:\/\/summainferno.com\/en\/wp-json\/wp\/v2\/posts\/6789\/revisions"}],"wp:featuredmedia":[{"embeddable":true,"href":"https:\/\/summainferno.com\/en\/wp-json\/"}],"wp:attachment":[{"href":"https:\/\/summainferno.com\/en\/wp-json\/wp\/v2\/media?parent=6789"}],"wp:term":[{"taxonomy":"category","embeddable":true,"href":"https:\/\/summainferno.com\/en\/wp-json\/wp\/v2\/categories?post=6789"},{"taxonomy":"post_tag","embeddable":true,"href":"https:\/\/summainferno.com\/en\/wp-json\/wp\/v2\/tags?post=6789"}],"curies":[{"name":"wp","href":"https:\/\/api.w.org\/{rel}","templated":true}]}}