{"id":65870,"date":"2026-09-02T16:19:44","date_gmt":"2026-09-02T22:19:44","guid":{"rendered":"https:\/\/summainferno.com\/?p=65870"},"modified":"2026-09-02T16:19:45","modified_gmt":"2026-09-02T22:19:45","slug":"scorpions-mexico-conciertos-2027","status":"publish","type":"post","link":"https:\/\/summainferno.com\/en\/scorpions-mexico-conciertos-2027\/","title":{"rendered":"Scorpions postpone Mexico concerts and confirm new 2027 dates"},"content":{"rendered":"<p class=\"wp-block-paragraph translation-block\">Scorpions have postponed their September 2026 concerts in Mexico due to \u201cunforeseen circumstances,\u201d with all three shows now rescheduled for August and September 2027.<\/p>\n\n\n\n<p class=\"wp-block-paragraph\">The new dates are:<\/p>\n\n\n\n<p class=\"wp-block-paragraph translation-block\"><strong>August 27, 2027 \u2014 Guadalajara<\/strong><br><strong>August 30, 2027 \u2014 Mexico City<\/strong><br><strong>September 2, 2027 \u2014 Monterrey<\/strong><\/p>\n\n\n\n<p class=\"wp-block-paragraph translation-block\">The German rock veterans said they were deeply disappointed by the postponement but look forward to returning to Mexico next year. The shows will continue the band\u2019s Coming Home \u2013 60 Years of Scorpions run.<\/p>\n\n\n\n<p class=\"wp-block-paragraph translation-block\">All previously purchased tickets will remain valid for the corresponding rescheduled dates, with no exchange required.<\/p>\n\n\n\n<p class=\"wp-block-paragraph translation-block\">Fans who prefer a refund can request one through their Ticketmaster account using the Help section. Tickets originally purchased at venue box offices can be refunded starting September 7 at the same location where the purchase was made.<\/p>\n\n\n\n<figure class=\"wp-block-image size-full\"><img decoding=\"async\" width=\"1280\" height=\"1600\" loading=\"lazy\" src=\"https:\/\/summainferno.com\/wp-content\/uploads\/2026\/09\/image-12.png\" alt=\"\" class=\"wp-image-65872\" title=\"\" srcset=\"https:\/\/summainferno.com\/wp-content\/uploads\/2026\/09\/image-12.png 1280w, https:\/\/summainferno.com\/wp-content\/uploads\/2026\/09\/image-12-240x300.png 240w, https:\/\/summainferno.com\/wp-content\/uploads\/2026\/09\/image-12-10x12.png 10w, https:\/\/summainferno.com\/wp-content\/uploads\/2026\/09\/image-12-770x962-1.png 770w, https:\/\/summainferno.com\/wp-content\/uploads\/2026\/09\/image-12-819x1024.png 819w, https:\/\/summainferno.com\/wp-content\/uploads\/2026\/09\/image-12-1229x1536.png 1229w, https:\/\/summainferno.com\/wp-content\/uploads\/2026\/09\/image-12-293x366.png 293w, https:\/\/summainferno.com\/wp-content\/uploads\/2026\/09\/image-12-390x487.png 390w\" sizes=\"auto, (max-width: 1280px) 100vw, 1280px\" \/><noscript><img decoding=\"async\" width=\"1280\" height=\"1600\" src=\"https:\/\/summainferno.com\/wp-content\/uploads\/2026\/09\/image-12.png\" alt=\"\" class=\"wp-image-65872\" title=\"\" srcset=\"https:\/\/summainferno.com\/wp-content\/uploads\/2026\/09\/image-12.png 1280w, https:\/\/summainferno.com\/wp-content\/uploads\/2026\/09\/image-12-240x300.png 240w, https:\/\/summainferno.com\/wp-content\/uploads\/2026\/09\/image-12-10x12.png 10w, https:\/\/summainferno.com\/wp-content\/uploads\/2026\/09\/image-12-770x962-1.png 770w, https:\/\/summainferno.com\/wp-content\/uploads\/2026\/09\/image-12-819x1024.png 819w, https:\/\/summainferno.com\/wp-content\/uploads\/2026\/09\/image-12-1229x1536.png 1229w, https:\/\/summainferno.com\/wp-content\/uploads\/2026\/09\/image-12-293x366.png 293w, https:\/\/summainferno.com\/wp-content\/uploads\/2026\/09\/image-12-390x487.png 390w\" sizes=\"(max-width: 1280px) 100vw, 1280px\" \/><\/noscript><\/figure>","protected":false},"excerpt":{"rendered":"<p>Scorpions pospuso los conciertos que ten\u00eda programados en M\u00e9xico durante septiembre de 2026. La banda atribuy\u00f3 la decisi\u00f3n a \u201ccircunstancias imprevistas\u201d y confirm\u00f3 que las tres presentaciones ser\u00e1n reprogramadas para agosto y septiembre de 2027. Las nuevas fechas son: 27 de agosto de 2027 \u2014 Guadalajara30 de agosto de 2027 \u2014 Ciudad de M\u00e9xico2 de septiembre de 2027 \u2014 Monterrey La agrupaci\u00f3n alemana expres\u00f3 su decepci\u00f3n por el cambio y se\u00f1al\u00f3 que espera regresar a M\u00e9xico en 2027. Los conciertos [&hellip;]<\/p>\n","protected":false},"author":1,"featured_media":65871,"comment_status":"open","ping_status":"open","sticky":false,"template":"","format":"standard","meta":{"footnotes":""},"categories":[375,2707,260],"tags":[8931,24,371,8932,8934,26,268,8930,8933],"class_list":["post-65870","post","type-post","status-publish","format-standard","has-post-thumbnail","hentry","category-hard-rock","category-featured","category-new","tag-coming-home-tour","tag-guadalajara","tag-hard-rock","tag-mexico-city","tag-mexico-concerts","tag-monterrey","tag-scorpions","tag-scorpions-2027","tag-scorpions-mexico-2"],"_links":{"self":[{"href":"https:\/\/summainferno.com\/en\/wp-json\/wp\/v2\/posts\/65870","targetHints":{"allow":["GET"]}}],"collection":[{"href":"https:\/\/summainferno.com\/en\/wp-json\/wp\/v2\/posts"}],"about":[{"href":"https:\/\/summainferno.com\/en\/wp-json\/wp\/v2\/types\/post"}],"author":[{"embeddable":true,"href":"https:\/\/summainferno.com\/en\/wp-json\/wp\/v2\/users\/1"}],"replies":[{"embeddable":true,"href":"https:\/\/summainferno.com\/en\/wp-json\/wp\/v2\/comments?post=65870"}],"version-history":[{"count":1,"href":"https:\/\/summainferno.com\/en\/wp-json\/wp\/v2\/posts\/65870\/revisions"}],"predecessor-version":[{"id":65873,"href":"https:\/\/summainferno.com\/en\/wp-json\/wp\/v2\/posts\/65870\/revisions\/65873"}],"wp:featuredmedia":[{"embeddable":true,"href":"https:\/\/summainferno.com\/en\/wp-json\/wp\/v2\/media\/65871"}],"wp:attachment":[{"href":"https:\/\/summainferno.com\/en\/wp-json\/wp\/v2\/media?parent=65870"}],"wp:term":[{"taxonomy":"category","embeddable":true,"href":"https:\/\/summainferno.com\/en\/wp-json\/wp\/v2\/categories?post=65870"},{"taxonomy":"post_tag","embeddable":true,"href":"https:\/\/summainferno.com\/en\/wp-json\/wp\/v2\/tags?post=65870"}],"curies":[{"name":"wp","href":"https:\/\/api.w.org\/{rel}","templated":true}]}}