{"id":65849,"date":"2026-09-01T10:15:37","date_gmt":"2026-09-01T16:15:37","guid":{"rendered":"https:\/\/summainferno.com\/?p=65849"},"modified":"2026-09-01T10:15:39","modified_gmt":"2026-09-01T16:15:39","slug":"amorphis-insomnium-gira-norteamerica-2026","status":"publish","type":"post","link":"https:\/\/summainferno.com\/en\/amorphis-insomnium-gira-norteamerica-2026\/","title":{"rendered":"Amorphis and Insomnium announce 2026 North American co-headlining tour"},"content":{"rendered":"<p class=\"wp-block-paragraph translation-block\">Amorphis and Insomnium will join forces for an extensive North American co-headlining tour this November and December. The Finnish bands will play 25 shows across the United States and Canada, with Texas melodic death metal band Hinayana opening the entire run.<\/p>\n\n\n\n<p class=\"wp-block-paragraph translation-block\">The tour begins November 17 in Boston and wraps up December 19 in New York City, with stops including Montreal, Toronto, Chicago, Denver, Vancouver, Seattle, Los Angeles, Austin, Dallas and Atlanta.<\/p>\n\n\n\n<p class=\"wp-block-paragraph translation-block\">Both bands will bring recent material to the tour. Amorphis continue supporting Borderland, their 15th studio album, released September 26, 2025 through Reigning Phoenix Music. Insomnium will arrive behind Netherworlds, their 10th studio album, due October 16, 2026 through Century Media Records. Their sets are also expected to draw from older material across both catalogs.<\/p>\n\n\n\n<p class=\"wp-block-paragraph translation-block\">Tickets and VIP upgrades go on sale Thursday, September 3 at 10:00 a.m. local time.<\/p>\n\n\n\n<figure class=\"wp-block-image size-large\"><img decoding=\"async\" width=\"794\" height=\"1024\" loading=\"lazy\" src=\"https:\/\/summainferno.com\/wp-content\/uploads\/2026\/09\/image-2-794x1024.png\" alt=\"Amorphis e Insomnium unir\u00e1n fuerzas para una gira por Norteam\u00e9rica\" class=\"wp-image-65851\" title=\"\" srcset=\"https:\/\/summainferno.com\/wp-content\/uploads\/2026\/09\/image-2-794x1024.png 794w, https:\/\/summainferno.com\/wp-content\/uploads\/2026\/09\/image-2-233x300.png 233w, https:\/\/summainferno.com\/wp-content\/uploads\/2026\/09\/image-2-9x12.png 9w, https:\/\/summainferno.com\/wp-content\/uploads\/2026\/09\/image-2-770x993-1.png 770w, https:\/\/summainferno.com\/wp-content\/uploads\/2026\/09\/image-2-1191x1536.png 1191w, https:\/\/summainferno.com\/wp-content\/uploads\/2026\/09\/image-2-293x377.png 293w, https:\/\/summainferno.com\/wp-content\/uploads\/2026\/09\/image-2-390x502.png 390w, https:\/\/summainferno.com\/wp-content\/uploads\/2026\/09\/image-2-1400x1805.png 1400w, https:\/\/summainferno.com\/wp-content\/uploads\/2026\/09\/image-2.png 1588w\" sizes=\"auto, (max-width: 794px) 100vw, 794px\" \/><noscript><img decoding=\"async\" width=\"794\" height=\"1024\" src=\"https:\/\/summainferno.com\/wp-content\/uploads\/2026\/09\/image-2-794x1024.png\" alt=\"Amorphis e Insomnium unir\u00e1n fuerzas para una gira por Norteam\u00e9rica\" class=\"wp-image-65851\" title=\"\" srcset=\"https:\/\/summainferno.com\/wp-content\/uploads\/2026\/09\/image-2-794x1024.png 794w, https:\/\/summainferno.com\/wp-content\/uploads\/2026\/09\/image-2-233x300.png 233w, https:\/\/summainferno.com\/wp-content\/uploads\/2026\/09\/image-2-9x12.png 9w, https:\/\/summainferno.com\/wp-content\/uploads\/2026\/09\/image-2-770x993-1.png 770w, https:\/\/summainferno.com\/wp-content\/uploads\/2026\/09\/image-2-1191x1536.png 1191w, https:\/\/summainferno.com\/wp-content\/uploads\/2026\/09\/image-2-293x377.png 293w, https:\/\/summainferno.com\/wp-content\/uploads\/2026\/09\/image-2-390x502.png 390w, https:\/\/summainferno.com\/wp-content\/uploads\/2026\/09\/image-2-1400x1805.png 1400w, https:\/\/summainferno.com\/wp-content\/uploads\/2026\/09\/image-2.png 1588w\" sizes=\"(max-width: 794px) 100vw, 794px\" \/><\/noscript><\/figure>","protected":false},"excerpt":{"rendered":"<p>Amorphis e Insomnium anunciaron una gira conjunta por Norteam\u00e9rica para noviembre y diciembre de 2026. Las dos bandas finlandesas compartir\u00e1n el puesto principal durante 25 conciertos en Estados Unidos y Canad\u00e1, acompa\u00f1adas por Hinayana como banda invitada. La gira comenzar\u00e1 el 17 de noviembre en Boston y concluir\u00e1 el 19 de diciembre en Nueva York, con paradas en Montreal, Toronto, Chicago, Denver, Vancouver, Seattle, Los \u00c1ngeles, Austin, Dallas, Atlanta y otras ciudades. Ambos grupos llegar\u00e1n con material reciente. Amorphis contin\u00faa [&hellip;]<\/p>\n","protected":false},"author":1,"featured_media":65850,"comment_status":"open","ping_status":"open","sticky":false,"template":"","format":"standard","meta":{"footnotes":""},"categories":[778,1328,260,1532],"tags":[5144,1456,8909,5896,4537,2224,6647,8442,8910,6250,13],"class_list":["post-65849","post","type-post","status-publish","format-standard","has-post-thumbnail","hentry","category-death-metal","category-internacional-2","category-new","category-america","tag-5144","tag-amorphis","tag-borderland","tag-conciertos-2026","tag-hinayana","tag-insomnium","tag-melodic-death-metal","tag-metal-finlandes","tag-netherworlds","tag-north-american-tour-2026","tag-tour"],"_links":{"self":[{"href":"https:\/\/summainferno.com\/en\/wp-json\/wp\/v2\/posts\/65849","targetHints":{"allow":["GET"]}}],"collection":[{"href":"https:\/\/summainferno.com\/en\/wp-json\/wp\/v2\/posts"}],"about":[{"href":"https:\/\/summainferno.com\/en\/wp-json\/wp\/v2\/types\/post"}],"author":[{"embeddable":true,"href":"https:\/\/summainferno.com\/en\/wp-json\/wp\/v2\/users\/1"}],"replies":[{"embeddable":true,"href":"https:\/\/summainferno.com\/en\/wp-json\/wp\/v2\/comments?post=65849"}],"version-history":[{"count":1,"href":"https:\/\/summainferno.com\/en\/wp-json\/wp\/v2\/posts\/65849\/revisions"}],"predecessor-version":[{"id":65852,"href":"https:\/\/summainferno.com\/en\/wp-json\/wp\/v2\/posts\/65849\/revisions\/65852"}],"wp:featuredmedia":[{"embeddable":true,"href":"https:\/\/summainferno.com\/en\/wp-json\/wp\/v2\/media\/65850"}],"wp:attachment":[{"href":"https:\/\/summainferno.com\/en\/wp-json\/wp\/v2\/media?parent=65849"}],"wp:term":[{"taxonomy":"category","embeddable":true,"href":"https:\/\/summainferno.com\/en\/wp-json\/wp\/v2\/categories?post=65849"},{"taxonomy":"post_tag","embeddable":true,"href":"https:\/\/summainferno.com\/en\/wp-json\/wp\/v2\/tags?post=65849"}],"curies":[{"name":"wp","href":"https:\/\/api.w.org\/{rel}","templated":true}]}}