{"id":64381,"date":"2026-05-01T14:52:51","date_gmt":"2026-05-01T20:52:51","guid":{"rendered":"https:\/\/summainferno.com\/?p=64381"},"modified":"2026-05-01T14:52:55","modified_gmt":"2026-05-01T20:52:55","slug":"eivor-estrena-nuevo-sencillo-healer","status":"publish","type":"post","link":"https:\/\/summainferno.com\/en\/eivor-estrena-nuevo-sencillo-healer\/","title":{"rendered":"Eiv\u00f8r releases \u201cHealer\u201d and enters a new artistic chapter after ENN"},"content":{"rendered":"<p class=\" translation-block\">Faroese artist Eiv\u00f8r has released \u201cHealer\u201d, her first new material since ENN (2024), signaling the beginning of a new phase in her artistic evolution.<\/p>\n\n\n\n<p>The track is built around a dark and atmospheric soundscape, blending distorted piano lines, cinematic string arrangements and ambient textures. Its steady pulse supports a vocal performance that moves between vulnerability and emotional intensity.<\/p>\n\n\n\n<p>Conceptually, \u201cHealer\u201d explores resilience and personal reconstruction. Eiv\u00f8r described the song as a conversation with her younger self: \u201c\u2018Healer\u2019 is a conversation with my younger self, the one who doubted everything and didn\u2019t feel enough. It lives in the space of falling and catching your breath again. The song holds the idea that even in those moments, something stronger is being built in silence\u201d.<\/p>\n\n\n\n<p>The accompanying video, directed by Katrin Joensen-N\u00e6s, expands this narrative through a black-and-white visual language that explores identity and transformation via mirrored figures. The minimalist and symbolic approach reinforces the track\u2019s introspective tone.<\/p>\n\n\n\n<figure class=\"wp-block-embed alignwide is-type-video is-provider-youtube wp-block-embed-youtube wp-embed-aspect-16-9 wp-has-aspect-ratio\"><div class=\"wp-block-embed__wrapper\">\n<iframe class=\"zeen-lazy-load-base zeen-lazy-load\" title=\"Eiv\u00f8r - Healer (Official Music Video)\" width=\"1200\" height=\"675\" src=\"about:blank\" data-lazy-src=\"https:\/\/www.youtube.com\/embed\/RXkDNKS9q5k?feature=oembed\" frameborder=\"0\" allow=\"accelerometer; autoplay; clipboard-write; encrypted-media; gyroscope; picture-in-picture; web-share\" referrerpolicy=\"strict-origin-when-cross-origin\" allowfullscreen><\/iframe><noscript><iframe title=\"Eiv\u00f8r - Healer (Official Music Video)\" width=\"1200\" height=\"675\" src=\"https:\/\/www.youtube.com\/embed\/RXkDNKS9q5k?feature=oembed\" frameborder=\"0\" allow=\"accelerometer; autoplay; clipboard-write; encrypted-media; gyroscope; picture-in-picture; web-share\" referrerpolicy=\"strict-origin-when-cross-origin\" allowfullscreen><\/iframe><\/noscript>\n<\/div><\/figure>\n\n\n\n<p>With over a decade-long career and eleven studio albums, Eiv\u00f8r has developed a sound that bridges Nordic tradition, cinematic composition and modern production. Her work earned her the Nordic Council Music Prize in 2021 and international recognition through projects such as The Last Kingdom and God of War.<\/p>\n\n\n\n<p>\u201cHealer\u201d arrives following extensive international touring across Europe, North America, Australia and New Zealand. Looking ahead, the artist has confirmed new North American dates for October and November 2026, along with European and UK shows in spring 2027.<\/p>\n\n\n\n<figure class=\"wp-block-image size-large\"><img decoding=\"async\" width=\"1024\" height=\"1024\" loading=\"lazy\" src=\"https:\/\/summainferno.com\/wp-content\/uploads\/2026\/05\/image-1024x1024.png\" alt=\"Eivor Healer\" class=\"wp-image-64382\" title=\"\" srcset=\"https:\/\/summainferno.com\/wp-content\/uploads\/2026\/05\/image-1024x1024.png 1024w, https:\/\/summainferno.com\/wp-content\/uploads\/2026\/05\/image-300x300.png 300w, https:\/\/summainferno.com\/wp-content\/uploads\/2026\/05\/image-100x100.png 100w, https:\/\/summainferno.com\/wp-content\/uploads\/2026\/05\/image-770x770.png 770w, https:\/\/summainferno.com\/wp-content\/uploads\/2026\/05\/image-1536x1536.png 1536w, https:\/\/summainferno.com\/wp-content\/uploads\/2026\/05\/image-2048x2048.png 2048w, https:\/\/summainferno.com\/wp-content\/uploads\/2026\/05\/image-12x12.png 12w, https:\/\/summainferno.com\/wp-content\/uploads\/2026\/05\/image-293x293.png 293w, https:\/\/summainferno.com\/wp-content\/uploads\/2026\/05\/image-390x390.png 390w, https:\/\/summainferno.com\/wp-content\/uploads\/2026\/05\/image-585x585.png 585w, https:\/\/summainferno.com\/wp-content\/uploads\/2026\/05\/image-900x900.png 900w, https:\/\/summainferno.com\/wp-content\/uploads\/2026\/05\/image-1400x1400.png 1400w\" sizes=\"auto, (max-width: 1024px) 100vw, 1024px\" \/><noscript><img decoding=\"async\" width=\"1024\" height=\"1024\" src=\"https:\/\/summainferno.com\/wp-content\/uploads\/2026\/05\/image-1024x1024.png\" alt=\"Eivor Healer\" class=\"wp-image-64382\" title=\"\" srcset=\"https:\/\/summainferno.com\/wp-content\/uploads\/2026\/05\/image-1024x1024.png 1024w, https:\/\/summainferno.com\/wp-content\/uploads\/2026\/05\/image-300x300.png 300w, https:\/\/summainferno.com\/wp-content\/uploads\/2026\/05\/image-100x100.png 100w, https:\/\/summainferno.com\/wp-content\/uploads\/2026\/05\/image-770x770.png 770w, https:\/\/summainferno.com\/wp-content\/uploads\/2026\/05\/image-1536x1536.png 1536w, https:\/\/summainferno.com\/wp-content\/uploads\/2026\/05\/image-2048x2048.png 2048w, https:\/\/summainferno.com\/wp-content\/uploads\/2026\/05\/image-12x12.png 12w, https:\/\/summainferno.com\/wp-content\/uploads\/2026\/05\/image-293x293.png 293w, https:\/\/summainferno.com\/wp-content\/uploads\/2026\/05\/image-390x390.png 390w, https:\/\/summainferno.com\/wp-content\/uploads\/2026\/05\/image-585x585.png 585w, https:\/\/summainferno.com\/wp-content\/uploads\/2026\/05\/image-900x900.png 900w, https:\/\/summainferno.com\/wp-content\/uploads\/2026\/05\/image-1400x1400.png 1400w\" sizes=\"(max-width: 1024px) 100vw, 1024px\" \/><\/noscript><\/figure>","protected":false},"excerpt":{"rendered":"<p>La artista feroesa Eiv\u00f8r ha presentado \u201cHealer\u201d, su nuevo sencillo y primer lanzamiento desde el \u00e1lbum ENN (2024), marcando el inicio de una nueva etapa en su desarrollo art\u00edstico. El tema se construye sobre una base sonora oscura y atmosf\u00e9rica, donde convergen elementos de piano distorsionado, arreglos de cuerdas cinematogr\u00e1ficas y texturas ambientales. La composici\u00f3n mantiene un pulso constante que sostiene una interpretaci\u00f3n vocal cargada de matices, movi\u00e9ndose entre la fragilidad y la intensidad emocional. A nivel conceptual, \u201cHealer\u201d aborda [&hellip;]<\/p>\n","protected":false},"author":1,"featured_media":64383,"comment_status":"open","ping_status":"open","sticky":false,"template":"","format":"standard","meta":{"footnotes":""},"categories":[33,2707,260],"tags":[4841,7838,7832,7836,7833,7837,7834,7835],"class_list":["post-64381","post","type-post","status-publish","format-standard","has-post-thumbnail","hentry","category-alternativo","category-featured","category-new","tag-eivor","tag-eivor-gira-2026-2027","tag-eivor-healer-single-2026","tag-eivor-nuevo-sencillo-significado","tag-enn-album-eivor-2024","tag-musica-cinematografica-alternativa","tag-musica-nordica-contemporanea-artistas","tag-nordic-council-music-prize-artistas"],"_links":{"self":[{"href":"https:\/\/summainferno.com\/en\/wp-json\/wp\/v2\/posts\/64381","targetHints":{"allow":["GET"]}}],"collection":[{"href":"https:\/\/summainferno.com\/en\/wp-json\/wp\/v2\/posts"}],"about":[{"href":"https:\/\/summainferno.com\/en\/wp-json\/wp\/v2\/types\/post"}],"author":[{"embeddable":true,"href":"https:\/\/summainferno.com\/en\/wp-json\/wp\/v2\/users\/1"}],"replies":[{"embeddable":true,"href":"https:\/\/summainferno.com\/en\/wp-json\/wp\/v2\/comments?post=64381"}],"version-history":[{"count":1,"href":"https:\/\/summainferno.com\/en\/wp-json\/wp\/v2\/posts\/64381\/revisions"}],"predecessor-version":[{"id":64384,"href":"https:\/\/summainferno.com\/en\/wp-json\/wp\/v2\/posts\/64381\/revisions\/64384"}],"wp:featuredmedia":[{"embeddable":true,"href":"https:\/\/summainferno.com\/en\/wp-json\/wp\/v2\/media\/64383"}],"wp:attachment":[{"href":"https:\/\/summainferno.com\/en\/wp-json\/wp\/v2\/media?parent=64381"}],"wp:term":[{"taxonomy":"category","embeddable":true,"href":"https:\/\/summainferno.com\/en\/wp-json\/wp\/v2\/categories?post=64381"},{"taxonomy":"post_tag","embeddable":true,"href":"https:\/\/summainferno.com\/en\/wp-json\/wp\/v2\/tags?post=64381"}],"curies":[{"name":"wp","href":"https:\/\/api.w.org\/{rel}","templated":true}]}}