{"id":63527,"date":"2026-03-05T10:07:49","date_gmt":"2026-03-05T16:07:49","guid":{"rendered":"https:\/\/summainferno.com\/?p=63527"},"modified":"2026-03-05T10:12:25","modified_gmt":"2026-03-05T16:12:25","slug":"ozzfest-regresara-en-2027-sharon-osbourne-confirma-el-retorno-del-legendario-festival-de-metal","status":"publish","type":"post","link":"https:\/\/summainferno.com\/en\/ozzfest-regresara-en-2027-sharon-osbourne-confirma-el-retorno-del-legendario-festival-de-metal\/","title":{"rendered":"Ozzfest will return in 2027, Sharon Osbourne confirms revival of legendary metal festival"},"content":{"rendered":"<p class=\" translation-block\">The iconic metal festival Ozzfest will officially return in 2027, according to Sharon Osbourne, manager and widow of Ozzy Osbourne, who revealed new details during an appearance on the The Osbournes Podcast.<\/p>\n\n\n\n<p class=\" translation-block\">The festival is set to begin with a two-day event at Villa Park in Birmingham, Ozzy\u2019s hometown, before eventually expanding to the United States.<\/p>\n\n\n\n<p class=\" translation-block\">Speaking with her son Jack Osbourne, Sharon explained:<\/p>\n\n\n\n<blockquote class=\"wp-block-quote is-layout-flow wp-block-quote-is-layout-flow\">\n<p>\u201cWe wanna do two days in Aston Villa and then come to America. Then we wanna hear from everyone where we should go in America.\u201d\u201cWe wanna do two days in Aston Villa and then come to America. Then we wanna hear from everyone where we should go in America.\u201d<\/p>\n<\/blockquote>\n\n\n\n<p>She also emphasized that supporting new artists will remain central to the festival\u2019s mission:She also emphasized that supporting new artists will remain central to the festival\u2019s mission:<\/p>\n\n\n\n<blockquote class=\"wp-block-quote is-layout-flow wp-block-quote-is-layout-flow\">\n<p>\u201cWe\u2019ve got to find a lot of young, new talent, because that\u2019s what your dad would want.\u201d\u201cWe\u2019ve got to find a lot of young, new talent, because that\u2019s what your dad would want.\u201d<\/p>\n<\/blockquote>\n\n\n\n<p class=\" translation-block\">Ozzfest first launched in 1996 as a two-day festival before expanding into a touring event the following year. Over the decades, it became one of the most influential metal festivals in the world, hosting acts such as Rob Zombie, Marilyn Manson, DevilDriver, and of course Ozzy himself.<\/p>\n\n\n\n<p class=\" translation-block\">Sharon clarified that the 2027 edition will not initially be a touring festival, though that could change depending on fan response.<\/p>\n\n\n\n<blockquote class=\"wp-block-quote is-layout-flow wp-block-quote-is-layout-flow\">\n<p>\u201cSee how it does, and if people want it, we\u2019ll be there. If it goes well, it might become a tour again in 2028.\u201d<\/p>\n<\/blockquote>\n\n\n\n<p class=\" translation-block\">During the conversation, the possibility of expanding Ozzfest internationally was also discussed, including the idea of bringing the festival to India, where rock and metal audiences have grown significantly in recent years.<\/p>\n\n\n\n<p>Reflecting on what made Ozzfest unique, Sharon said:Reflecting on what made Ozzfest unique, Sharon said:<\/p>\n\n\n\n<blockquote class=\"wp-block-quote is-layout-flow wp-block-quote-is-layout-flow\">\n<p>\u201cIt was more fun. When you go to other festivals, everybody is so tense. That was never the vibe of ours. Nobody was competing or thinking they were better than anyone else. It was like summer camp.\u201d\u201cIt was more fun. When you go to other festivals, everybody is so tense. That was never the vibe of ours. Nobody was competing or thinking they were better than anyone else. It was like summer camp.\u201d<\/p>\n<\/blockquote>\n\n\n\n<p>She concluded by highlighting the festival\u2019s legacy:She concluded by highlighting the festival\u2019s legacy:<\/p>\n\n\n\n<blockquote class=\"wp-block-quote is-layout-flow wp-block-quote-is-layout-flow\">\n<p>\u201cWe really started metal festivals in this country. It was replicated, but never done with the spirit of what ours was, because ours was a place for new talent. It was like summer camp for kids.\u201d\u201cWe really started metal festivals in this country. It was replicated, but never done with the spirit of what ours was, because ours was a place for new talent. It was like summer camp for kids.\u201d<\/p>\n<\/blockquote>\n\n\n\n<p class=\" translation-block\">Notably, Black Sabbath performed their historic \u201cBack To The Beginning\u201d concert at Villa Park, marking the final show for both Ozzy and the band shortly before the Prince of Darkness passed away.<\/p>","protected":false},"excerpt":{"rendered":"<p>El emblem\u00e1tico festival de metal&nbsp;Ozzfest&nbsp;regresar\u00e1 oficialmente en&nbsp;2027, seg\u00fan confirm\u00f3&nbsp;Sharon Osbourne, m\u00e1nager y viuda de&nbsp;Ozzy Osbourne, durante una reciente aparici\u00f3n en el podcast&nbsp;The Osbournes Podcast. El festival, que se convirti\u00f3 en uno de los eventos m\u00e1s influyentes del metal desde su creaci\u00f3n en 1996, volver\u00e1 primero a&nbsp;Villa Park&nbsp;en&nbsp;Birmingham, ciudad natal de Ozzy, antes de expandirse posteriormente a Estados Unidos. Sharon Osbourne explic\u00f3 el plan durante la conversaci\u00f3n con su hijo&nbsp;Jack Osbourne: \u201cQueremos hacer dos d\u00edas en Aston Villa y luego ir [&hellip;]<\/p>\n","protected":false},"author":1,"featured_media":63528,"comment_status":"open","ping_status":"open","sticky":false,"template":"","format":"standard","meta":{"footnotes":""},"categories":[1324,2707,1328,260],"tags":[4647,1371,6872,6876,6874,6873,6875],"class_list":["post-63527","post","type-post","status-publish","format-standard","has-post-thumbnail","hentry","category-europa","category-featured","category-internacional-2","category-new","tag-4647","tag-ozzfest","tag-ozzfest-2027","tag-ozzfest-birmingham-2027","tag-ozzy-osbourne-festival-metal","tag-regreso-de-ozzfest","tag-sharon-osbourne-ozzfest"],"_links":{"self":[{"href":"https:\/\/summainferno.com\/en\/wp-json\/wp\/v2\/posts\/63527","targetHints":{"allow":["GET"]}}],"collection":[{"href":"https:\/\/summainferno.com\/en\/wp-json\/wp\/v2\/posts"}],"about":[{"href":"https:\/\/summainferno.com\/en\/wp-json\/wp\/v2\/types\/post"}],"author":[{"embeddable":true,"href":"https:\/\/summainferno.com\/en\/wp-json\/wp\/v2\/users\/1"}],"replies":[{"embeddable":true,"href":"https:\/\/summainferno.com\/en\/wp-json\/wp\/v2\/comments?post=63527"}],"version-history":[{"count":3,"href":"https:\/\/summainferno.com\/en\/wp-json\/wp\/v2\/posts\/63527\/revisions"}],"predecessor-version":[{"id":63531,"href":"https:\/\/summainferno.com\/en\/wp-json\/wp\/v2\/posts\/63527\/revisions\/63531"}],"wp:featuredmedia":[{"embeddable":true,"href":"https:\/\/summainferno.com\/en\/wp-json\/wp\/v2\/media\/63528"}],"wp:attachment":[{"href":"https:\/\/summainferno.com\/en\/wp-json\/wp\/v2\/media?parent=63527"}],"wp:term":[{"taxonomy":"category","embeddable":true,"href":"https:\/\/summainferno.com\/en\/wp-json\/wp\/v2\/categories?post=63527"},{"taxonomy":"post_tag","embeddable":true,"href":"https:\/\/summainferno.com\/en\/wp-json\/wp\/v2\/tags?post=63527"}],"curies":[{"name":"wp","href":"https:\/\/api.w.org\/{rel}","templated":true}]}}