{"id":63440,"date":"2026-02-24T15:39:16","date_gmt":"2026-02-24T21:39:16","guid":{"rendered":"https:\/\/summainferno.com\/?p=63440"},"modified":"2026-02-24T15:39:17","modified_gmt":"2026-02-24T21:39:17","slug":"bludfest-revela-su-cartel-2026","status":"publish","type":"post","link":"https:\/\/summainferno.com\/en\/bludfest-revela-su-cartel-2026\/","title":{"rendered":"BludFest 2026 moves to Czechia, adds camping and reveals full lineup"},"content":{"rendered":"<p class=\" translation-block\">Founded by Yungblud, BludFest will undergo major changes in 2026 as it enters its third year. The one-day event is scheduled for June 27, 2026 and will expand internationally for the first time.<\/p>\n\n\n\n<p class=\" translation-block\">After two editions at Milton Keynes Bowl in the United Kingdom, BludFest will relocate to Park 360 in Hradec Kr\u00e1lov\u00e9, Czechia, marking a significant shift in the festival\u2019s identity.<\/p>\n\n\n\n<p class=\" translation-block\">Another key addition is on-site camping, which will be available for the first time in the festival\u2019s history, transforming the event into a more immersive experience.<\/p>\n\n\n\n<p class=\" translation-block\">An artist presale begins February 26, with registration available via the official BludFest website.<\/p>\n\n\n\n<p>No information has been released regarding a potential UK edition in 2026.<\/p>\n\n\n\n<p class=\" translation-block\">Yungblud will once again headline the event. The 28-year-old artist gained substantial international attention over the past year, including a 2025 Grammy nomination for Best Rock Album for Idols. Earlier this month, he released Idols II, the second half of the project.<\/p>\n\n\n\n<hr class=\"wp-block-separator has-text-color has-alpha-channel-opacity has-background\" style=\"background-color:#ac9449;color:#ac9449\"\/>\n\n\n\n<h3 class=\"wp-block-heading\">BludFest 2026 Lineup:<\/h3>\n\n\n\n<ul class=\"wp-block-list\">\n<li>Biffy Clyro<\/li>\n\n\n\n<li>Primal Scream<\/li>\n\n\n\n<li>Palaye Royale<\/li>\n\n\n\n<li>Destroy Lonely<\/li>\n\n\n\n<li>Leap<\/li>\n\n\n\n<li>Pale Waves<\/li>\n\n\n\n<li>Jesse Jo Stark<\/li>\n\n\n\n<li>Bambie Thug<\/li>\n\n\n\n<li>Nieve Ella<\/li>\n\n\n\n<li>Pam Rabbit<\/li>\n<\/ul>\n\n\n\n<hr class=\"wp-block-separator has-text-color has-alpha-channel-opacity has-background\" style=\"background-color:#ac9449;color:#ac9449\"\/>\n\n\n\n<p class=\" translation-block\">BludFest 2026 represents the festival\u2019s first full step beyond the UK, signaling a broader European expansion.<\/p>\n\n\n\n<figure class=\"wp-block-image size-large\"><img decoding=\"async\" width=\"819\" height=\"1024\" loading=\"lazy\" src=\"https:\/\/summainferno.com\/wp-content\/uploads\/2026\/02\/image-97-819x1024.png\" alt=\"\" class=\"wp-image-63442\" title=\"\" srcset=\"https:\/\/summainferno.com\/wp-content\/uploads\/2026\/02\/image-97-819x1024.png 819w, https:\/\/summainferno.com\/wp-content\/uploads\/2026\/02\/image-97-240x300.png 240w, https:\/\/summainferno.com\/wp-content\/uploads\/2026\/02\/image-97-770x963.png 770w, https:\/\/summainferno.com\/wp-content\/uploads\/2026\/02\/image-97-1229x1536.png 1229w, https:\/\/summainferno.com\/wp-content\/uploads\/2026\/02\/image-97-1638x2048.png 1638w, https:\/\/summainferno.com\/wp-content\/uploads\/2026\/02\/image-97-10x12.png 10w, https:\/\/summainferno.com\/wp-content\/uploads\/2026\/02\/image-97-293x366.png 293w, https:\/\/summainferno.com\/wp-content\/uploads\/2026\/02\/image-97-1400x1750.png 1400w, https:\/\/summainferno.com\/wp-content\/uploads\/2026\/02\/image-97-390x488.png 390w, https:\/\/summainferno.com\/wp-content\/uploads\/2026\/02\/image-97-scaled.png 2048w\" sizes=\"auto, (max-width: 819px) 100vw, 819px\" \/><noscript><img decoding=\"async\" width=\"819\" height=\"1024\" src=\"https:\/\/summainferno.com\/wp-content\/uploads\/2026\/02\/image-97-819x1024.png\" alt=\"\" class=\"wp-image-63442\" title=\"\" srcset=\"https:\/\/summainferno.com\/wp-content\/uploads\/2026\/02\/image-97-819x1024.png 819w, https:\/\/summainferno.com\/wp-content\/uploads\/2026\/02\/image-97-240x300.png 240w, https:\/\/summainferno.com\/wp-content\/uploads\/2026\/02\/image-97-770x963.png 770w, https:\/\/summainferno.com\/wp-content\/uploads\/2026\/02\/image-97-1229x1536.png 1229w, https:\/\/summainferno.com\/wp-content\/uploads\/2026\/02\/image-97-1638x2048.png 1638w, https:\/\/summainferno.com\/wp-content\/uploads\/2026\/02\/image-97-10x12.png 10w, https:\/\/summainferno.com\/wp-content\/uploads\/2026\/02\/image-97-293x366.png 293w, https:\/\/summainferno.com\/wp-content\/uploads\/2026\/02\/image-97-1400x1750.png 1400w, https:\/\/summainferno.com\/wp-content\/uploads\/2026\/02\/image-97-390x488.png 390w, https:\/\/summainferno.com\/wp-content\/uploads\/2026\/02\/image-97-scaled.png 2048w\" sizes=\"(max-width: 819px) 100vw, 819px\" \/><\/noscript><\/figure>","protected":false},"excerpt":{"rendered":"<p>El festival creado por Yungblud, BludFest, anunci\u00f3 cambios importantes para su edici\u00f3n 2026. El evento de un solo d\u00eda, programado para el 27 de junio de 2026, entrar\u00e1 en su tercer a\u00f1o con una transformaci\u00f3n significativa: dejar\u00e1 el Reino Unido y se expandir\u00e1 internacionalmente. Tras celebrarse durante sus dos primeras ediciones en el Milton Keynes Bowl, BludFest se trasladar\u00e1 en 2026 al Park 360 en Hradec Kr\u00e1lov\u00e9, Rep\u00fablica Checa, marcando la primera edici\u00f3n internacional del festival. Otra novedad relevante es [&hellip;]<\/p>\n","protected":false},"author":1,"featured_media":63441,"comment_status":"open","ping_status":"open","sticky":false,"template":"","format":"standard","meta":{"footnotes":""},"categories":[1324,1328,260],"tags":[6800,6798,6801,6803,6799,6802],"class_list":["post-63440","post","type-post","status-publish","format-standard","has-post-thumbnail","hentry","category-europa","category-internacional-2","category-new","tag-biffy-clyro-bludfest","tag-bludfest-2026","tag-bludfest-lineup-2026","tag-festival-republica-checa-2026","tag-park-360-hradec-kralove","tag-yungblud-festival"],"_links":{"self":[{"href":"https:\/\/summainferno.com\/en\/wp-json\/wp\/v2\/posts\/63440","targetHints":{"allow":["GET"]}}],"collection":[{"href":"https:\/\/summainferno.com\/en\/wp-json\/wp\/v2\/posts"}],"about":[{"href":"https:\/\/summainferno.com\/en\/wp-json\/wp\/v2\/types\/post"}],"author":[{"embeddable":true,"href":"https:\/\/summainferno.com\/en\/wp-json\/wp\/v2\/users\/1"}],"replies":[{"embeddable":true,"href":"https:\/\/summainferno.com\/en\/wp-json\/wp\/v2\/comments?post=63440"}],"version-history":[{"count":1,"href":"https:\/\/summainferno.com\/en\/wp-json\/wp\/v2\/posts\/63440\/revisions"}],"predecessor-version":[{"id":63443,"href":"https:\/\/summainferno.com\/en\/wp-json\/wp\/v2\/posts\/63440\/revisions\/63443"}],"wp:featuredmedia":[{"embeddable":true,"href":"https:\/\/summainferno.com\/en\/wp-json\/wp\/v2\/media\/63441"}],"wp:attachment":[{"href":"https:\/\/summainferno.com\/en\/wp-json\/wp\/v2\/media?parent=63440"}],"wp:term":[{"taxonomy":"category","embeddable":true,"href":"https:\/\/summainferno.com\/en\/wp-json\/wp\/v2\/categories?post=63440"},{"taxonomy":"post_tag","embeddable":true,"href":"https:\/\/summainferno.com\/en\/wp-json\/wp\/v2\/tags?post=63440"}],"curies":[{"name":"wp","href":"https:\/\/api.w.org\/{rel}","templated":true}]}}