{"id":63099,"date":"2026-01-26T14:52:32","date_gmt":"2026-01-26T20:52:32","guid":{"rendered":"https:\/\/summainferno.com\/?p=63099"},"modified":"2026-01-26T14:52:33","modified_gmt":"2026-01-26T20:52:33","slug":"reflections-se-fractura-tras-polemica-por-declaraciones-pro-ice-de-su-vocalista","status":"publish","type":"post","link":"https:\/\/summainferno.com\/en\/reflections-se-fractura-tras-polemica-por-declaraciones-pro-ice-de-su-vocalista\/","title":{"rendered":"Reflections split following controversy over vocalist\u2019s pro-ICE statements"},"content":{"rendered":"<p class=\" translation-block\">American metalcore band Reflections are facing significant internal turmoil after confirming the exit of two members amid a major controversy surrounding their vocalist.<\/p>\n\n\n\n<p class=\" translation-block\">The situation erupted after Jake Wolf shared public statements on social media that were widely interpreted as supportive of U.S. Immigration and Customs Enforcement (ICE). The remarks sparked immediate backlash within the metalcore community and quickly escalated into internal conflict.<\/p>\n\n\n\n<p class=\" translation-block\">As a direct response, bassist Francis Xayana and guitarist Patrick Somoulay announced their departure from Reflections, citing ethical and personal differences that could no longer be reconciled under the circumstances.<\/p>\n\n\n\n<p>The fallout has generated intense discussion among fans, particularly given the band\u2019s long-standing association with emotional catharsis and personal struggle. For many, the controversy represents a disconnect between Reflections\u2019 artistic identity and the public stance taken by their frontman.<\/p>\n\n\n\n<p>Reflections have yet to announce replacements or clarify how the lineup change will impact future releases or touring plans. The episode underscores how political and social positions can have immediate and lasting consequences within modern heavy music projects.<\/p>","protected":false},"excerpt":{"rendered":"<p>La banda estadounidense de metalcore Reflections atraviesa uno de los momentos m\u00e1s delicados de su historia reciente. El grupo confirm\u00f3 la salida de dos integrantes luego de una fuerte controversia interna originada por declaraciones p\u00fablicas de su vocalista. El conflicto se deton\u00f3 cuando Jake Wolf realiz\u00f3 comentarios en redes sociales interpretados ampliamente como apoyo y defensa del ICE (U.S. Immigration and Customs Enforcement). Estas declaraciones generaron una reacci\u00f3n inmediata de rechazo dentro de la comunidad del metalcore y derivaron r\u00e1pidamente [&hellip;]<\/p>\n","protected":false},"author":1,"featured_media":63100,"comment_status":"open","ping_status":"open","sticky":false,"template":"","format":"standard","meta":{"footnotes":""},"categories":[33,260],"tags":[6492,6497,6496,6494,6489,6493,6495],"class_list":["post-63099","post","type-post","status-publish","format-standard","has-post-thumbnail","hentry","category-alternativo","category-new","tag-francis-xayana-reflections","tag-jake-wolf","tag-jake-wolf-ice","tag-metalcore-controversia","tag-reflections","tag-reflections-pierde-integrantes","tag-reflections-polemica"],"_links":{"self":[{"href":"https:\/\/summainferno.com\/en\/wp-json\/wp\/v2\/posts\/63099","targetHints":{"allow":["GET"]}}],"collection":[{"href":"https:\/\/summainferno.com\/en\/wp-json\/wp\/v2\/posts"}],"about":[{"href":"https:\/\/summainferno.com\/en\/wp-json\/wp\/v2\/types\/post"}],"author":[{"embeddable":true,"href":"https:\/\/summainferno.com\/en\/wp-json\/wp\/v2\/users\/1"}],"replies":[{"embeddable":true,"href":"https:\/\/summainferno.com\/en\/wp-json\/wp\/v2\/comments?post=63099"}],"version-history":[{"count":1,"href":"https:\/\/summainferno.com\/en\/wp-json\/wp\/v2\/posts\/63099\/revisions"}],"predecessor-version":[{"id":63101,"href":"https:\/\/summainferno.com\/en\/wp-json\/wp\/v2\/posts\/63099\/revisions\/63101"}],"wp:featuredmedia":[{"embeddable":true,"href":"https:\/\/summainferno.com\/en\/wp-json\/wp\/v2\/media\/63100"}],"wp:attachment":[{"href":"https:\/\/summainferno.com\/en\/wp-json\/wp\/v2\/media?parent=63099"}],"wp:term":[{"taxonomy":"category","embeddable":true,"href":"https:\/\/summainferno.com\/en\/wp-json\/wp\/v2\/categories?post=63099"},{"taxonomy":"post_tag","embeddable":true,"href":"https:\/\/summainferno.com\/en\/wp-json\/wp\/v2\/tags?post=63099"}],"curies":[{"name":"wp","href":"https:\/\/api.w.org\/{rel}","templated":true}]}}