{"id":62634,"date":"2025-11-14T13:28:48","date_gmt":"2025-11-14T19:28:48","guid":{"rendered":"https:\/\/summainferno.com\/?p=62634"},"modified":"2025-11-14T13:28:50","modified_gmt":"2025-11-14T19:28:50","slug":"megadeth-lanza-i-dont-care-el-nuevo-adelanto-de-su-album-final","status":"publish","type":"post","link":"https:\/\/summainferno.com\/en\/megadeth-lanza-i-dont-care-el-nuevo-adelanto-de-su-album-final\/","title":{"rendered":"MEGADETH release new single \u201cI Don\u2019t Care\u201d from their final studio album"},"content":{"rendered":"<p>Megadeth advance their farewell with \u201cI Don\u2019t Care,\u201d a dynamic new single accompanied by a video blending skate culture imagery with high-energy band performance. The track is part of the band\u2019s upcoming self-titled final studio album, set for release on January 23, 2026.<\/p>\n\n\n\n<p>Dave Mustaine describes \u201cI Don\u2019t Care\u201d as a bold, unapologetic anthem \u2014 the kind of declaration many wish they could deliver without hesitation. The song embraces that defiant emotion with raw, cutting honesty.<\/p>\n\n\n\n<p class=\" translation-block\">Musically, Mustaine explains that part of the riff had been in his head since the sessions for The Sick, The Dying\u2026 And The Dead! and finally found new life on this LP. The song features intricate rhythmic shifts, intense down-picking passages, octave chord patterns and explosive back-and-forth soloing between Mustaine and Teemu M\u00e4ntysaari.<\/p>\n\n\n\n<p>\u201cI Don\u2019t Care\u201d llega tras el lanzamiento del primer sencillo, \u201cTipping Point\u201d, y del anuncio de un bonus track especial: una reinterpretaci\u00f3n de \u201cRide the Lightning\u201d, tema coescrito por Mustaine junto a James Hetfield, Lars Ulrich y Cliff Burton. Este bonus rinde homenaje directo a los or\u00edgenes del m\u00fasico dentro de la historia del thrash metal.<\/p>\n\n\n\n<p>The new single follows \u201cTipping Point,\u201d the album\u2019s first preview, as well as the announcement of a special bonus track: a reimagined version of \u201cRide the Lightning,\u201d originally co-written by Mustaine. The inclusion of this iconic piece ties the band\u2019s final chapter back to its foundational roots.<\/p>\n\n\n\n<figure class=\"wp-block-embed alignfull is-type-video is-provider-youtube wp-block-embed-youtube wp-embed-aspect-16-9 wp-has-aspect-ratio\"><div class=\"wp-block-embed__wrapper\">\n<iframe class=\"zeen-lazy-load-base zeen-lazy-load\" title=\"Megadeth - I Don&#039;t Care (Official Music Video)\" width=\"1200\" height=\"675\" src=\"about:blank\" data-lazy-src=\"https:\/\/www.youtube.com\/embed\/-E4O5VlRYOY?feature=oembed\" frameborder=\"0\" allow=\"accelerometer; autoplay; clipboard-write; encrypted-media; gyroscope; picture-in-picture; web-share\" referrerpolicy=\"strict-origin-when-cross-origin\" allowfullscreen><\/iframe><noscript><iframe title=\"Megadeth - I Don&#039;t Care (Official Music Video)\" width=\"1200\" height=\"675\" src=\"https:\/\/www.youtube.com\/embed\/-E4O5VlRYOY?feature=oembed\" frameborder=\"0\" allow=\"accelerometer; autoplay; clipboard-write; encrypted-media; gyroscope; picture-in-picture; web-share\" referrerpolicy=\"strict-origin-when-cross-origin\" allowfullscreen><\/iframe><\/noscript>\n<\/div><\/figure>\n\n\n\n<figure class=\"wp-block-image size-large\"><img decoding=\"async\" width=\"1024\" height=\"1024\" loading=\"lazy\" src=\"https:\/\/summainferno.com\/wp-content\/uploads\/2025\/11\/image-29-1024x1024.png\" alt=\"\" class=\"wp-image-62635\" title=\"\" srcset=\"https:\/\/summainferno.com\/wp-content\/uploads\/2025\/11\/image-29-1024x1024.png 1024w, https:\/\/summainferno.com\/wp-content\/uploads\/2025\/11\/image-29-300x300.png 300w, https:\/\/summainferno.com\/wp-content\/uploads\/2025\/11\/image-29-100x100.png 100w, https:\/\/summainferno.com\/wp-content\/uploads\/2025\/11\/image-29-770x770.png 770w, https:\/\/summainferno.com\/wp-content\/uploads\/2025\/11\/image-29-12x12.png 12w, https:\/\/summainferno.com\/wp-content\/uploads\/2025\/11\/image-29-293x293.png 293w, https:\/\/summainferno.com\/wp-content\/uploads\/2025\/11\/image-29-390x390.png 390w, https:\/\/summainferno.com\/wp-content\/uploads\/2025\/11\/image-29-585x585.png 585w, https:\/\/summainferno.com\/wp-content\/uploads\/2025\/11\/image-29-900x900.png 900w, https:\/\/summainferno.com\/wp-content\/uploads\/2025\/11\/image-29.png 1200w\" sizes=\"auto, (max-width: 1024px) 100vw, 1024px\" \/><noscript><img decoding=\"async\" width=\"1024\" height=\"1024\" src=\"https:\/\/summainferno.com\/wp-content\/uploads\/2025\/11\/image-29-1024x1024.png\" alt=\"\" class=\"wp-image-62635\" title=\"\" srcset=\"https:\/\/summainferno.com\/wp-content\/uploads\/2025\/11\/image-29-1024x1024.png 1024w, https:\/\/summainferno.com\/wp-content\/uploads\/2025\/11\/image-29-300x300.png 300w, https:\/\/summainferno.com\/wp-content\/uploads\/2025\/11\/image-29-100x100.png 100w, https:\/\/summainferno.com\/wp-content\/uploads\/2025\/11\/image-29-770x770.png 770w, https:\/\/summainferno.com\/wp-content\/uploads\/2025\/11\/image-29-12x12.png 12w, https:\/\/summainferno.com\/wp-content\/uploads\/2025\/11\/image-29-293x293.png 293w, https:\/\/summainferno.com\/wp-content\/uploads\/2025\/11\/image-29-390x390.png 390w, https:\/\/summainferno.com\/wp-content\/uploads\/2025\/11\/image-29-585x585.png 585w, https:\/\/summainferno.com\/wp-content\/uploads\/2025\/11\/image-29-900x900.png 900w, https:\/\/summainferno.com\/wp-content\/uploads\/2025\/11\/image-29.png 1200w\" sizes=\"(max-width: 1024px) 100vw, 1024px\" \/><\/noscript><\/figure>","protected":false},"excerpt":{"rendered":"<p>Megadeth contin\u00faa alimentando la expectativa antes del lanzamiento de su \u00e1lbum final con \u201cI Don\u2019t Care\u201d, su m\u00e1s reciente sencillo acompa\u00f1ado de un video que muestra la crudeza del skate culture entrelazada con una poderosa interpretaci\u00f3n del grupo. Esta nueva entrega forma parte del esperado disco hom\u00f3nimo que ver\u00e1 la luz el 23 de enero de 2026. Dave Mustaine describe \u201cI Don\u2019t Care\u201d como un himno directo y visceral, una frase que \u2014seg\u00fan afirma\u2014 muchos han deseado pronunciar sin filtros. [&hellip;]<\/p>\n","protected":false},"author":1,"featured_media":62636,"comment_status":"open","ping_status":"open","sticky":false,"template":"","format":"standard","meta":{"footnotes":""},"categories":[2707,260,620],"tags":[5765,552,1097,6088,3268,388,6007,6089,5766,2314],"class_list":["post-62634","post","type-post","status-publish","format-standard","has-post-thumbnail","hentry","category-featured","category-new","category-thrash-metal","tag-album-final-megadeth","tag-dave-mustaine","tag-dirk-verbeuren","tag-i-dont-care","tag-james-lomenzo","tag-megadeth","tag-metal-2026","tag-nuevo-sencillo-megadeth","tag-teemu-mantysaari","tag-thrash-metal"],"_links":{"self":[{"href":"https:\/\/summainferno.com\/en\/wp-json\/wp\/v2\/posts\/62634","targetHints":{"allow":["GET"]}}],"collection":[{"href":"https:\/\/summainferno.com\/en\/wp-json\/wp\/v2\/posts"}],"about":[{"href":"https:\/\/summainferno.com\/en\/wp-json\/wp\/v2\/types\/post"}],"author":[{"embeddable":true,"href":"https:\/\/summainferno.com\/en\/wp-json\/wp\/v2\/users\/1"}],"replies":[{"embeddable":true,"href":"https:\/\/summainferno.com\/en\/wp-json\/wp\/v2\/comments?post=62634"}],"version-history":[{"count":1,"href":"https:\/\/summainferno.com\/en\/wp-json\/wp\/v2\/posts\/62634\/revisions"}],"predecessor-version":[{"id":62638,"href":"https:\/\/summainferno.com\/en\/wp-json\/wp\/v2\/posts\/62634\/revisions\/62638"}],"wp:featuredmedia":[{"embeddable":true,"href":"https:\/\/summainferno.com\/en\/wp-json\/wp\/v2\/media\/62636"}],"wp:attachment":[{"href":"https:\/\/summainferno.com\/en\/wp-json\/wp\/v2\/media?parent=62634"}],"wp:term":[{"taxonomy":"category","embeddable":true,"href":"https:\/\/summainferno.com\/en\/wp-json\/wp\/v2\/categories?post=62634"},{"taxonomy":"post_tag","embeddable":true,"href":"https:\/\/summainferno.com\/en\/wp-json\/wp\/v2\/tags?post=62634"}],"curies":[{"name":"wp","href":"https:\/\/api.w.org\/{rel}","templated":true}]}}