{"id":62071,"date":"2025-08-29T09:53:23","date_gmt":"2025-08-29T15:53:23","guid":{"rendered":"https:\/\/summainferno.com\/?p=62071"},"modified":"2025-08-29T09:53:24","modified_gmt":"2025-08-29T15:53:24","slug":"coven-vuelve-a-mexico-para-una-unica-fecha-en-ciudad-de-mexico","status":"publish","type":"post","link":"https:\/\/summainferno.com\/en\/coven-vuelve-a-mexico-para-una-unica-fecha-en-ciudad-de-mexico\/","title":{"rendered":"Coven to headline Foro Hendrix\u2019s 9th Anniversary in Mexico City"},"content":{"rendered":"<p class=\" translation-block\">Cult legends Coven, pioneers of occult and psychedelic rock, will perform in Mexico City on Saturday, September 13, headlining the special celebration of the 9th anniversary of Foro Hendrix.<\/p>\n\n\n\n<p class=\" translation-block\">The venue, located at Av. Cuitl\u00e1huac 3368, Jard\u00edn Azpeitia, Azcapotzalco, will open doors at 7:00 PM, featuring supporting performances by Infernal Project, The Wicked Ones, and Stone Demons before Coven\u2019s long-awaited appearance.<\/p>\n\n\n\n<p>Since the late 1960s, Coven has built a unique legacy, influencing the sound and imagery of heavy metal, gothic, and occult-inspired music. Their return to Mexico promises a ritualistic and unforgettable night of classics and atmosphere.<\/p>\n\n\n\n<p>This anniversary not only marks nearly six decades of Coven\u2019s musical influence but also reaffirms Foro Hendrix\u2019s importance as a landmark for live rock music in Mexico City.<\/p>\n\n\n\n<p class=\" translation-block\">Tickets are now available via Ticketapp, with limited capacity for this exclusive event.<\/p>\n\n\n\n<figure class=\"wp-block-image size-large\"><img decoding=\"async\" width=\"768\" height=\"1024\" loading=\"lazy\" src=\"https:\/\/summainferno.com\/wp-content\/uploads\/2025\/08\/image-68-768x1024.png\" alt=\"\" class=\"wp-image-62072\" title=\"\" srcset=\"https:\/\/summainferno.com\/wp-content\/uploads\/2025\/08\/image-68-768x1024.png 768w, https:\/\/summainferno.com\/wp-content\/uploads\/2025\/08\/image-68-225x300.png 225w, https:\/\/summainferno.com\/wp-content\/uploads\/2025\/08\/image-68-770x1027.png 770w, https:\/\/summainferno.com\/wp-content\/uploads\/2025\/08\/image-68-9x12.png 9w, https:\/\/summainferno.com\/wp-content\/uploads\/2025\/08\/image-68-293x391.png 293w, https:\/\/summainferno.com\/wp-content\/uploads\/2025\/08\/image-68-390x520.png 390w, https:\/\/summainferno.com\/wp-content\/uploads\/2025\/08\/image-68.png 900w\" sizes=\"auto, (max-width: 768px) 100vw, 768px\" \/><noscript><img decoding=\"async\" width=\"768\" height=\"1024\" src=\"https:\/\/summainferno.com\/wp-content\/uploads\/2025\/08\/image-68-768x1024.png\" alt=\"\" class=\"wp-image-62072\" title=\"\" srcset=\"https:\/\/summainferno.com\/wp-content\/uploads\/2025\/08\/image-68-768x1024.png 768w, https:\/\/summainferno.com\/wp-content\/uploads\/2025\/08\/image-68-225x300.png 225w, https:\/\/summainferno.com\/wp-content\/uploads\/2025\/08\/image-68-770x1027.png 770w, https:\/\/summainferno.com\/wp-content\/uploads\/2025\/08\/image-68-9x12.png 9w, https:\/\/summainferno.com\/wp-content\/uploads\/2025\/08\/image-68-293x391.png 293w, https:\/\/summainferno.com\/wp-content\/uploads\/2025\/08\/image-68-390x520.png 390w, https:\/\/summainferno.com\/wp-content\/uploads\/2025\/08\/image-68.png 900w\" sizes=\"(max-width: 768px) 100vw, 768px\" \/><\/noscript><\/figure>","protected":false},"excerpt":{"rendered":"<p>La legendaria banda de culto Coven, pionera del rock ocultista y psicod\u00e9lico, llegar\u00e1 a la Ciudad de M\u00e9xico el pr\u00f3ximo s\u00e1bado 13 de septiembre para encabezar el concierto especial por el 9\u00b0 aniversario del Foro Hendrix. El evento, que se llevar\u00e1 a cabo en el recinto ubicado en Av. Cuitl\u00e1huac 3368, Jard\u00edn Azpeitia, Azcapotzalco, abrir\u00e1 sus puertas a partir de las 19:00 horas y contar\u00e1 con la participaci\u00f3n de agrupaciones nacionales e internacionales que dar\u00e1n marco a la esperada presentaci\u00f3n. [&hellip;]<\/p>\n","protected":false},"author":1,"featured_media":62073,"comment_status":"open","ping_status":"open","sticky":false,"template":"","format":"standard","meta":{"footnotes":""},"categories":[2707,260,2049],"tags":[5571,5570,5101,5567,5569,5568,5572],"class_list":["post-62071","post","type-post","status-publish","format-standard","has-post-thumbnail","hentry","category-featured","category-new","category-stoner","tag-aniversario-foro-hendrix-9","tag-conciertos-septiembre-2025-cdmx","tag-coven","tag-coven-en-cdmx","tag-coven-foro-hendrix","tag-coven-mexico-2025","tag-rock-oculto-mexico"],"_links":{"self":[{"href":"https:\/\/summainferno.com\/en\/wp-json\/wp\/v2\/posts\/62071","targetHints":{"allow":["GET"]}}],"collection":[{"href":"https:\/\/summainferno.com\/en\/wp-json\/wp\/v2\/posts"}],"about":[{"href":"https:\/\/summainferno.com\/en\/wp-json\/wp\/v2\/types\/post"}],"author":[{"embeddable":true,"href":"https:\/\/summainferno.com\/en\/wp-json\/wp\/v2\/users\/1"}],"replies":[{"embeddable":true,"href":"https:\/\/summainferno.com\/en\/wp-json\/wp\/v2\/comments?post=62071"}],"version-history":[{"count":2,"href":"https:\/\/summainferno.com\/en\/wp-json\/wp\/v2\/posts\/62071\/revisions"}],"predecessor-version":[{"id":62075,"href":"https:\/\/summainferno.com\/en\/wp-json\/wp\/v2\/posts\/62071\/revisions\/62075"}],"wp:featuredmedia":[{"embeddable":true,"href":"https:\/\/summainferno.com\/en\/wp-json\/wp\/v2\/media\/62073"}],"wp:attachment":[{"href":"https:\/\/summainferno.com\/en\/wp-json\/wp\/v2\/media?parent=62071"}],"wp:term":[{"taxonomy":"category","embeddable":true,"href":"https:\/\/summainferno.com\/en\/wp-json\/wp\/v2\/categories?post=62071"},{"taxonomy":"post_tag","embeddable":true,"href":"https:\/\/summainferno.com\/en\/wp-json\/wp\/v2\/tags?post=62071"}],"curies":[{"name":"wp","href":"https:\/\/api.w.org\/{rel}","templated":true}]}}