{"id":61782,"date":"2025-07-22T09:25:25","date_gmt":"2025-07-22T15:25:25","guid":{"rendered":"https:\/\/summainferno.com\/?p=61782"},"modified":"2025-07-22T09:26:38","modified_gmt":"2025-07-22T15:26:38","slug":"avatar-estrena-videoclip-para-su-nuevo-sencillo-in-the-airwaves","status":"publish","type":"post","link":"https:\/\/summainferno.com\/en\/avatar-estrena-videoclip-para-su-nuevo-sencillo-in-the-airwaves\/","title":{"rendered":"Avatar debuts high-octane video for \u201cIn the Airwaves\u201d and teases new album"},"content":{"rendered":"<p class=\" translation-block\">Swedish metal pioneers Avatar have dropped the official video for their latest single, \u201cIn the Airwaves\u201d\u2014a high-speed, furious track that reaffirms their melodic aggression. It follows May\u2019s powerful \u201cCaptain Goat\u201d and sets the stage for their upcoming tenth studio album.<\/p>\n\n\n\n<p>Directed by longtime collaborator Johan\u202fCarl\u00e9n, the video mirrors the song\u2019s intensity and dark theatricality. The band describes it as their fastest release yet: \u201cIt\u2019s a return to core aggression\u2014a cathartic blitz of rage.\u201d<\/p>\n\n\n\n<figure class=\"wp-block-embed alignwide is-type-video is-provider-youtube wp-block-embed-youtube wp-embed-aspect-16-9 wp-has-aspect-ratio\"><div class=\"wp-block-embed__wrapper\">\n<iframe class=\"zeen-lazy-load-base zeen-lazy-load\" title=\"AVATAR - In the Airwaves (Official Music Video)\" width=\"1200\" height=\"675\" src=\"about:blank\" data-lazy-src=\"https:\/\/www.youtube.com\/embed\/qhZYvpydl9A?feature=oembed\" frameborder=\"0\" allow=\"accelerometer; autoplay; clipboard-write; encrypted-media; gyroscope; picture-in-picture; web-share\" referrerpolicy=\"strict-origin-when-cross-origin\" allowfullscreen><\/iframe><noscript><iframe title=\"AVATAR - In the Airwaves (Official Music Video)\" width=\"1200\" height=\"675\" src=\"https:\/\/www.youtube.com\/embed\/qhZYvpydl9A?feature=oembed\" frameborder=\"0\" allow=\"accelerometer; autoplay; clipboard-write; encrypted-media; gyroscope; picture-in-picture; web-share\" referrerpolicy=\"strict-origin-when-cross-origin\" allowfullscreen><\/iframe><\/noscript>\n<\/div><\/figure>\n\n\n\n<p class=\" translation-block\">Frontman Johannes Eckerstr\u00f6m revealed the upcoming album explores bold new production angles\u2014progressive arrangements, live piano, orchestral layers\u2014and leans into subconscious creativity and ambition.<\/p>\n\n\n\n<p class=\" translation-block\">Avatar also released North American tour dates this fall, featuring Alien Weaponry and Spiritworld, with a major headline show in Mexico City. They\u2019ll also be supporting legends Iron Maiden and Metallica, underscoring their global momentum.<\/p>\n\n\n\n<p>With \u201cIn the Airwaves\u201d and an ambitious album on the horizon, Avatar is poised to dominate 2025 with innovation, speed, and theatrical flair.<\/p>\n\n\n\n<figure class=\"wp-block-image size-large\"><img decoding=\"async\" width=\"819\" height=\"1024\" loading=\"lazy\" src=\"https:\/\/summainferno.com\/wp-content\/uploads\/2025\/07\/image-52-819x1024.png\" alt=\"\" class=\"wp-image-61785\" title=\"\" srcset=\"https:\/\/summainferno.com\/wp-content\/uploads\/2025\/07\/image-52-819x1024.png 819w, https:\/\/summainferno.com\/wp-content\/uploads\/2025\/07\/image-52-240x300.png 240w, https:\/\/summainferno.com\/wp-content\/uploads\/2025\/07\/image-52-770x963.png 770w, https:\/\/summainferno.com\/wp-content\/uploads\/2025\/07\/image-52-1229x1536.png 1229w, https:\/\/summainferno.com\/wp-content\/uploads\/2025\/07\/image-52-10x12.png 10w, https:\/\/summainferno.com\/wp-content\/uploads\/2025\/07\/image-52-293x366.png 293w, https:\/\/summainferno.com\/wp-content\/uploads\/2025\/07\/image-52-1400x1750.png 1400w, https:\/\/summainferno.com\/wp-content\/uploads\/2025\/07\/image-52-390x488.png 390w, https:\/\/summainferno.com\/wp-content\/uploads\/2025\/07\/image-52.png 1638w\" sizes=\"auto, (max-width: 819px) 100vw, 819px\" \/><noscript><img decoding=\"async\" width=\"819\" height=\"1024\" src=\"https:\/\/summainferno.com\/wp-content\/uploads\/2025\/07\/image-52-819x1024.png\" alt=\"\" class=\"wp-image-61785\" title=\"\" srcset=\"https:\/\/summainferno.com\/wp-content\/uploads\/2025\/07\/image-52-819x1024.png 819w, https:\/\/summainferno.com\/wp-content\/uploads\/2025\/07\/image-52-240x300.png 240w, https:\/\/summainferno.com\/wp-content\/uploads\/2025\/07\/image-52-770x963.png 770w, https:\/\/summainferno.com\/wp-content\/uploads\/2025\/07\/image-52-1229x1536.png 1229w, https:\/\/summainferno.com\/wp-content\/uploads\/2025\/07\/image-52-10x12.png 10w, https:\/\/summainferno.com\/wp-content\/uploads\/2025\/07\/image-52-293x366.png 293w, https:\/\/summainferno.com\/wp-content\/uploads\/2025\/07\/image-52-1400x1750.png 1400w, https:\/\/summainferno.com\/wp-content\/uploads\/2025\/07\/image-52-390x488.png 390w, https:\/\/summainferno.com\/wp-content\/uploads\/2025\/07\/image-52.png 1638w\" sizes=\"(max-width: 819px) 100vw, 819px\" \/><\/noscript><\/figure>","protected":false},"excerpt":{"rendered":"<p>La innovadora banda sueca Avatar ha lanzado el videoclip oficial de su m\u00e1s reciente sencillo, \u201cIn the Airwaves\u201d, un tema caracterizado por su ritmo vertiginoso y su energ\u00eda intensa, que renueva la agresividad mel\u00f3dica que define su estilo. Este lanzamiento sigue al gran impacto de \u201cCaptain Goat\u201d, publicado en mayo, y sirve como anticipo de su pr\u00f3ximo d\u00e9cimo \u00e1lbum. El video fue dirigido por Johan\u202fCarl\u00e9n, colaborador frecuente de la banda, y refleja visualmente la velocidad y oscuridad del tema, enfatizando [&hellip;]<\/p>\n","protected":false},"author":1,"featured_media":61784,"comment_status":"open","ping_status":"open","sticky":false,"template":"","format":"standard","meta":{"footnotes":""},"categories":[33,2707,260],"tags":[5312,1247,5310,5311,5313,5309],"class_list":["post-61782","post","type-post","status-publish","format-standard","has-post-thumbnail","hentry","category-alternativo","category-featured","category-new","tag-album-avatar-2025","tag-avatar","tag-avatar-in-the-airwaves","tag-banda-sueca-metal","tag-gira-avatar-mexico","tag-nuevo-video-avatar"],"_links":{"self":[{"href":"https:\/\/summainferno.com\/en\/wp-json\/wp\/v2\/posts\/61782","targetHints":{"allow":["GET"]}}],"collection":[{"href":"https:\/\/summainferno.com\/en\/wp-json\/wp\/v2\/posts"}],"about":[{"href":"https:\/\/summainferno.com\/en\/wp-json\/wp\/v2\/types\/post"}],"author":[{"embeddable":true,"href":"https:\/\/summainferno.com\/en\/wp-json\/wp\/v2\/users\/1"}],"replies":[{"embeddable":true,"href":"https:\/\/summainferno.com\/en\/wp-json\/wp\/v2\/comments?post=61782"}],"version-history":[{"count":1,"href":"https:\/\/summainferno.com\/en\/wp-json\/wp\/v2\/posts\/61782\/revisions"}],"predecessor-version":[{"id":61786,"href":"https:\/\/summainferno.com\/en\/wp-json\/wp\/v2\/posts\/61782\/revisions\/61786"}],"wp:featuredmedia":[{"embeddable":true,"href":"https:\/\/summainferno.com\/en\/wp-json\/wp\/v2\/media\/61784"}],"wp:attachment":[{"href":"https:\/\/summainferno.com\/en\/wp-json\/wp\/v2\/media?parent=61782"}],"wp:term":[{"taxonomy":"category","embeddable":true,"href":"https:\/\/summainferno.com\/en\/wp-json\/wp\/v2\/categories?post=61782"},{"taxonomy":"post_tag","embeddable":true,"href":"https:\/\/summainferno.com\/en\/wp-json\/wp\/v2\/tags?post=61782"}],"curies":[{"name":"wp","href":"https:\/\/api.w.org\/{rel}","templated":true}]}}