{"id":61134,"date":"2025-04-28T13:38:24","date_gmt":"2025-04-28T19:38:24","guid":{"rendered":"https:\/\/summainferno.com\/?p=61134"},"modified":"2025-04-28T13:38:25","modified_gmt":"2025-04-28T19:38:25","slug":"ghost-estrena-video-peacefield","status":"publish","type":"post","link":"https:\/\/summainferno.com\/en\/ghost-estrena-video-peacefield\/","title":{"rendered":"Ghost releases video, \u2018Peacefield\u2019"},"content":{"rendered":"<p class=\" translation-block\">Swedish band <strong>Ghost<\/strong> have released the official video for their latest single, \u2018Peacefield\u2019, which is part of their latest studio album, \u2018<strong><em>Skelet\u00e1<\/em><\/strong>\u2018, which was released last weekend via Loma Vista Records.<\/p>\n\n\n\n<p>The video was recorded during Ghost's current Skeletour and can be watched below.<\/p>\n\n\n\n<figure class=\"wp-block-embed alignwide is-type-video is-provider-youtube wp-block-embed-youtube wp-embed-aspect-16-9 wp-has-aspect-ratio\"><div class=\"wp-block-embed__wrapper\">\n<iframe class=\"zeen-lazy-load-base zeen-lazy-load\" title=\"Ghost - Peacefield (Official Music Video)\" width=\"1200\" height=\"675\" src=\"about:blank\" data-lazy-src=\"https:\/\/www.youtube.com\/embed\/5w-XjMGfR_I?feature=oembed\" frameborder=\"0\" allow=\"accelerometer; autoplay; clipboard-write; encrypted-media; gyroscope; picture-in-picture; web-share\" referrerpolicy=\"strict-origin-when-cross-origin\" allowfullscreen><\/iframe><noscript><iframe title=\"Ghost - Peacefield (Official Music Video)\" width=\"1200\" height=\"675\" src=\"https:\/\/www.youtube.com\/embed\/5w-XjMGfR_I?feature=oembed\" frameborder=\"0\" allow=\"accelerometer; autoplay; clipboard-write; encrypted-media; gyroscope; picture-in-picture; web-share\" referrerpolicy=\"strict-origin-when-cross-origin\" allowfullscreen><\/iframe><\/noscript>\n<\/div><\/figure>\n\n\n\n<figure class=\"wp-block-image size-full\"><img decoding=\"async\" width=\"1000\" height=\"1000\" loading=\"lazy\" src=\"https:\/\/summainferno.com\/wp-content\/uploads\/2025\/04\/image-25.png\" alt=\"\" class=\"wp-image-61136\" title=\"\" srcset=\"https:\/\/summainferno.com\/wp-content\/uploads\/2025\/04\/image-25.png 1000w, https:\/\/summainferno.com\/wp-content\/uploads\/2025\/04\/image-25-300x300.png 300w, https:\/\/summainferno.com\/wp-content\/uploads\/2025\/04\/image-25-100x100.png 100w, https:\/\/summainferno.com\/wp-content\/uploads\/2025\/04\/image-25-770x770.png 770w, https:\/\/summainferno.com\/wp-content\/uploads\/2025\/04\/image-25-12x12.png 12w, https:\/\/summainferno.com\/wp-content\/uploads\/2025\/04\/image-25-293x293.png 293w, https:\/\/summainferno.com\/wp-content\/uploads\/2025\/04\/image-25-390x390.png 390w, https:\/\/summainferno.com\/wp-content\/uploads\/2025\/04\/image-25-585x585.png 585w, https:\/\/summainferno.com\/wp-content\/uploads\/2025\/04\/image-25-900x900.png 900w\" sizes=\"auto, (max-width: 1000px) 100vw, 1000px\" \/><noscript><img decoding=\"async\" width=\"1000\" height=\"1000\" src=\"https:\/\/summainferno.com\/wp-content\/uploads\/2025\/04\/image-25.png\" alt=\"\" class=\"wp-image-61136\" title=\"\" srcset=\"https:\/\/summainferno.com\/wp-content\/uploads\/2025\/04\/image-25.png 1000w, https:\/\/summainferno.com\/wp-content\/uploads\/2025\/04\/image-25-300x300.png 300w, https:\/\/summainferno.com\/wp-content\/uploads\/2025\/04\/image-25-100x100.png 100w, https:\/\/summainferno.com\/wp-content\/uploads\/2025\/04\/image-25-770x770.png 770w, https:\/\/summainferno.com\/wp-content\/uploads\/2025\/04\/image-25-12x12.png 12w, https:\/\/summainferno.com\/wp-content\/uploads\/2025\/04\/image-25-293x293.png 293w, https:\/\/summainferno.com\/wp-content\/uploads\/2025\/04\/image-25-390x390.png 390w, https:\/\/summainferno.com\/wp-content\/uploads\/2025\/04\/image-25-585x585.png 585w, https:\/\/summainferno.com\/wp-content\/uploads\/2025\/04\/image-25-900x900.png 900w\" sizes=\"(max-width: 1000px) 100vw, 1000px\" \/><\/noscript><\/figure>","protected":false},"excerpt":{"rendered":"<p>Los suecos Ghost han estrenado el video oficial de su m\u00e1s reciente sencillo, &#8216;Peacefield&#8217; que forma parte de su m\u00e1s reciente \u00e1lbum de estudio, &#8216;Skelet\u00e1&#8216; que fue lanzado el fin de semana pasado a trav\u00e9s de Loma Vista Records. El video fue grabado durante la actual gira de Ghost, Skeletour y puedes verlo a continuaci\u00f3n.<\/p>","protected":false},"author":1,"featured_media":61112,"comment_status":"open","ping_status":"open","sticky":false,"template":"","format":"standard","meta":{"footnotes":""},"categories":[33,2707,260],"tags":[202],"class_list":["post-61134","post","type-post","status-publish","format-standard","has-post-thumbnail","hentry","category-alternativo","category-featured","category-new","tag-ghost"],"_links":{"self":[{"href":"https:\/\/summainferno.com\/en\/wp-json\/wp\/v2\/posts\/61134","targetHints":{"allow":["GET"]}}],"collection":[{"href":"https:\/\/summainferno.com\/en\/wp-json\/wp\/v2\/posts"}],"about":[{"href":"https:\/\/summainferno.com\/en\/wp-json\/wp\/v2\/types\/post"}],"author":[{"embeddable":true,"href":"https:\/\/summainferno.com\/en\/wp-json\/wp\/v2\/users\/1"}],"replies":[{"embeddable":true,"href":"https:\/\/summainferno.com\/en\/wp-json\/wp\/v2\/comments?post=61134"}],"version-history":[{"count":1,"href":"https:\/\/summainferno.com\/en\/wp-json\/wp\/v2\/posts\/61134\/revisions"}],"predecessor-version":[{"id":61137,"href":"https:\/\/summainferno.com\/en\/wp-json\/wp\/v2\/posts\/61134\/revisions\/61137"}],"wp:featuredmedia":[{"embeddable":true,"href":"https:\/\/summainferno.com\/en\/wp-json\/wp\/v2\/media\/61112"}],"wp:attachment":[{"href":"https:\/\/summainferno.com\/en\/wp-json\/wp\/v2\/media?parent=61134"}],"wp:term":[{"taxonomy":"category","embeddable":true,"href":"https:\/\/summainferno.com\/en\/wp-json\/wp\/v2\/categories?post=61134"},{"taxonomy":"post_tag","embeddable":true,"href":"https:\/\/summainferno.com\/en\/wp-json\/wp\/v2\/tags?post=61134"}],"curies":[{"name":"wp","href":"https:\/\/api.w.org\/{rel}","templated":true}]}}