{"id":6066,"date":"2014-09-12T10:54:38","date_gmt":"2014-09-12T15:54:38","guid":{"rendered":"http:\/\/summainferno.com\/?p=6066"},"modified":"2014-09-12T10:54:38","modified_gmt":"2014-09-12T15:54:38","slug":"estreno-the-devil-in-i-el-nuevo-video-de-slipknot-revelan-sus-nuevas-mascaras","status":"publish","type":"post","link":"https:\/\/summainferno.com\/en\/estreno-the-devil-in-i-el-nuevo-video-de-slipknot-revelan-sus-nuevas-mascaras\/","title":{"rendered":"ESTRENO: &#8216;The Devil in I&#8217;, el nuevo video de SLIPKNOT &#8211; Revelan sus nuevas m\u00e1scaras."},"content":{"rendered":"<hr \/>\n<p><strong>Slipknot<\/strong> ha mostrado por fin su nuevo video,<em> &#8216;The Devil in I&#8217;<\/em> y con \u00e9l, ha develado las nuevas m\u00e1scaras que usar\u00e1n en esta etapa. <em>&#8216;The Devil in I&#8217;<\/em> es parte del nuevo \u00e1lbum de los de Iowa, <em>&#8216;.5: The Gray Chapter&#8217;<\/em>, el cual ver\u00e1 la luz en Octubre.<\/p>\n<p>La filmaci\u00f3n del video se llev\u00f3 a cabo el pasado 22 y 23 de Agosto en Los Angeles, California.\u00a0Tras el lanzamiento de <em>&#8216;.5: The Gray Chapter&#8217;<\/em>, la banda emprender\u00e1 una gira que seg\u00fan el mismo <strong>Corey Taylor<\/strong>, llegar\u00e1 a partes donde nunca hab\u00edan tocado. \u00bfSer\u00e1 qu\u00e9 por fin tocar\u00e1n M\u00e9xico?<\/p>\n<p>Puedes ver el video a continuaci\u00f3n:<\/p>\n<p>&nbsp;<\/p>\n<p><iframe class=\"zeen-lazy-load-base zeen-lazy-load\" src=\"about:blank\" data-lazy-src=\"\/\/www.youtube.com\/embed\/XEEasR7hVhA?rel=0\" width=\"780\" height=\"439\" frameborder=\"0\" allowfullscreen=\"allowfullscreen\"><\/iframe><noscript><iframe src=\"\/\/www.youtube.com\/embed\/XEEasR7hVhA?rel=0\" width=\"780\" height=\"439\" frameborder=\"0\" allowfullscreen=\"allowfullscreen\"><\/iframe><\/noscript><\/p>\n<hr \/>\n<p>&nbsp;<\/p>\n<p><center><script type=\"text\/javascript\">\/\/ <![CDATA[\ngoogle_ad_client = \"ca-pub-8282788028445307\"; \/* Summa News *\/ google_ad_slot = \"6232665367\"; google_ad_width = 728; google_ad_height = 90;\n\/\/ ]]><\/script><br \/>\n<script src=\"\/\/pagead2.googlesyndication.com\/pagead\/show_ads.js\" type=\"text\/javascript\">\/\/ <![CDATA[\n\n\n\/\/ ]]><\/script><\/center>&nbsp;<\/p>\n","protected":false},"excerpt":{"rendered":"<p>Slipknot ha mostrado por fin su nuevo video, &#8216;The Devil in I&#8217; y con \u00e9l, ha develado las nuevas m\u00e1scaras que usar\u00e1n en esta etapa. &#8216;The Devil in I&#8217; es parte del nuevo \u00e1lbum de los de Iowa, &#8216;.5: The Gray Chapter&#8217;, el cual ver\u00e1 la luz en Octubre. La filmaci\u00f3n del video se llev\u00f3 a cabo el pasado 22 y 23 de Agosto en Los Angeles, California.\u00a0Tras el lanzamiento de &#8216;.5: The Gray Chapter&#8217;, la banda emprender\u00e1 una gira [&hellip;]<\/p>\n","protected":false},"author":1,"featured_media":6067,"comment_status":"open","ping_status":"open","sticky":false,"template":"","format":"standard","meta":{"footnotes":""},"categories":[111,442],"tags":[603,898],"class_list":["post-6066","post","type-post","status-publish","format-standard","has-post-thumbnail","hentry","category-destacado","category-nu-metal","tag-slipknot","tag-the-devil-in-i"],"_links":{"self":[{"href":"https:\/\/summainferno.com\/en\/wp-json\/wp\/v2\/posts\/6066","targetHints":{"allow":["GET"]}}],"collection":[{"href":"https:\/\/summainferno.com\/en\/wp-json\/wp\/v2\/posts"}],"about":[{"href":"https:\/\/summainferno.com\/en\/wp-json\/wp\/v2\/types\/post"}],"author":[{"embeddable":true,"href":"https:\/\/summainferno.com\/en\/wp-json\/wp\/v2\/users\/1"}],"replies":[{"embeddable":true,"href":"https:\/\/summainferno.com\/en\/wp-json\/wp\/v2\/comments?post=6066"}],"version-history":[{"count":0,"href":"https:\/\/summainferno.com\/en\/wp-json\/wp\/v2\/posts\/6066\/revisions"}],"wp:featuredmedia":[{"embeddable":true,"href":"https:\/\/summainferno.com\/en\/wp-json\/"}],"wp:attachment":[{"href":"https:\/\/summainferno.com\/en\/wp-json\/wp\/v2\/media?parent=6066"}],"wp:term":[{"taxonomy":"category","embeddable":true,"href":"https:\/\/summainferno.com\/en\/wp-json\/wp\/v2\/categories?post=6066"},{"taxonomy":"post_tag","embeddable":true,"href":"https:\/\/summainferno.com\/en\/wp-json\/wp\/v2\/tags?post=6066"}],"curies":[{"name":"wp","href":"https:\/\/api.w.org\/{rel}","templated":true}]}}