{"id":60612,"date":"2024-07-03T21:21:00","date_gmt":"2024-07-04T03:21:00","guid":{"rendered":"https:\/\/summainferno.com\/?p=60612"},"modified":"2025-02-12T10:01:38","modified_gmt":"2025-02-12T16:01:38","slug":"the-troops-of-doom-trae-su-poderoso-arsenal-de-death-thrash-metal-a-mexico","status":"publish","type":"post","link":"https:\/\/summainferno.com\/en\/the-troops-of-doom-trae-su-poderoso-arsenal-de-death-thrash-metal-a-mexico\/","title":{"rendered":"The Troops Of Doom trae su poderoso arsenal de death\/thrash metal a M\u00e9xico"},"content":{"rendered":"<p><strong> The Troops of Doom<\/strong>, la banda brasile\u00f1a liderada por <strong>Jairo &#8220;Tormentor&#8221; Guedz<\/strong>, llegar\u00e1 a M\u00e9xico con cuatro fechas en diferentes ciudades, incluida una fecha en la Ciudad de M\u00e9xico el pr\u00f3ximo 15 de Febrero de 2025 en el renovado multiforo cultural Alicia. <\/p>\n\n\n\n<figure class=\"wp-block-embed is-type-video is-provider-youtube wp-block-embed-youtube wp-embed-aspect-16-9 wp-has-aspect-ratio\"><div class=\"wp-block-embed__wrapper\">\n<iframe class=\"zeen-lazy-load-base zeen-lazy-load\" title=\"THE TROOPS OF DOOM - Dawn Of Mephisto (Official Video)\" width=\"1200\" height=\"675\" src=\"about:blank\" data-lazy-src=\"https:\/\/www.youtube.com\/embed\/c27LxrSRsSk?feature=oembed\" frameborder=\"0\" allow=\"accelerometer; autoplay; clipboard-write; encrypted-media; gyroscope; picture-in-picture; web-share\" referrerpolicy=\"strict-origin-when-cross-origin\" allowfullscreen><\/iframe><noscript><iframe title=\"THE TROOPS OF DOOM - Dawn Of Mephisto (Official Video)\" width=\"1200\" height=\"675\" src=\"https:\/\/www.youtube.com\/embed\/c27LxrSRsSk?feature=oembed\" frameborder=\"0\" allow=\"accelerometer; autoplay; clipboard-write; encrypted-media; gyroscope; picture-in-picture; web-share\" referrerpolicy=\"strict-origin-when-cross-origin\" allowfullscreen><\/iframe><\/noscript>\n<\/div><\/figure>\n\n\n\n<p><strong>Jairo Guedz<\/strong> fue guitarrista de la leyenda del metal brasile\u00f1o <strong>Grave<\/strong> de 1985 a 1987 , periodo en el que particip\u00f3 en la grabaci\u00f3n del EP <em>Bestial Devastation<\/em> y en el primer trabajo de larga duraci\u00f3n de la banda titulado <em>Morbid Visions<\/em> . Tras su partida ha continuado en diversos proyectos incluido por supuesto <strong>The Troops Of Doom<\/strong>, que conserva el sonido crudo y de vieja escuela que fue sello del <strong>Grave<\/strong> en los primeros a\u00f1os. <\/p>\n\n\n\n<p>Puedes comprar tu boleto para esta imperdible cita en linea dando click <a href=\"https:\/\/tinyurl.com\/TTofDoomCDMX?fbclid=IwZXh0bgNhZW0CMTAAAR0q2Tea6xihrPOq9jbwbY0uGtMyjjE6sbJbeyIWZBHBqRLKCJUZ6-dqs-8_aem_qaR8JfHLpyDEB8_jVD1e0w\" target=\"_blank\" rel=\"noopener\">aqui<\/a>, o bien f\u00edsicamente a partir del 10 de julio en los siguientes puntos de venta:<br>-Taquilla del Circo volador<br>-Taquilla del Gato calavera<br>-Necrosis Metal store(dentro de Plaza San Cosme)<br>-Hellfire: local 141 Tianguis del Chopo<br>-Arte Maya: Calle Rosales #6,Tabacalera(local de al lado donde estaba la Mezcalli) en Metro Hidalgo<br>-La Cueva metal shop: Av.Mexico-Tenochtitlan 89,local C-7,en Metro Revoluci\u00f3n<br>-Tienda Sally: Escalerillas #90,Col.Metropolitana-Nezahualcoyotl<br>-Tienda Mercedes: Calle 10 # 116,Col. Porvenir<br>-Under shop:\u00a0Avenida de\u00a0los Reyes 10, Centro Urbano en Cuautitlan Izcalli<\/p>\n\n\n\n<figure class=\"wp-block-image size-large\"><img decoding=\"async\" width=\"640\" height=\"1024\" loading=\"lazy\" src=\"https:\/\/summainferno.com\/wp-content\/uploads\/2025\/02\/troops-of-doom-mexico-2024-cdmx-640x1024.jpeg\" alt=\"\" class=\"wp-image-60614\" title=\"\" srcset=\"https:\/\/summainferno.com\/wp-content\/uploads\/2025\/02\/troops-of-doom-mexico-2024-cdmx-640x1024.jpeg 640w, https:\/\/summainferno.com\/wp-content\/uploads\/2025\/02\/troops-of-doom-mexico-2024-cdmx-188x300.jpeg 188w, https:\/\/summainferno.com\/wp-content\/uploads\/2025\/02\/troops-of-doom-mexico-2024-cdmx-770x1231.jpeg 770w, https:\/\/summainferno.com\/wp-content\/uploads\/2025\/02\/troops-of-doom-mexico-2024-cdmx-961x1536.jpeg 961w, https:\/\/summainferno.com\/wp-content\/uploads\/2025\/02\/troops-of-doom-mexico-2024-cdmx-8x12.jpeg 8w, https:\/\/summainferno.com\/wp-content\/uploads\/2025\/02\/troops-of-doom-mexico-2024-cdmx-293x469.jpeg 293w, https:\/\/summainferno.com\/wp-content\/uploads\/2025\/02\/troops-of-doom-mexico-2024-cdmx-390x624.jpeg 390w, https:\/\/summainferno.com\/wp-content\/uploads\/2025\/02\/troops-of-doom-mexico-2024-cdmx.jpeg 1080w\" sizes=\"auto, (max-width: 640px) 100vw, 640px\" \/><noscript><img decoding=\"async\" width=\"640\" height=\"1024\" src=\"https:\/\/summainferno.com\/wp-content\/uploads\/2025\/02\/troops-of-doom-mexico-2024-cdmx-640x1024.jpeg\" alt=\"\" class=\"wp-image-60614\" title=\"\" srcset=\"https:\/\/summainferno.com\/wp-content\/uploads\/2025\/02\/troops-of-doom-mexico-2024-cdmx-640x1024.jpeg 640w, https:\/\/summainferno.com\/wp-content\/uploads\/2025\/02\/troops-of-doom-mexico-2024-cdmx-188x300.jpeg 188w, https:\/\/summainferno.com\/wp-content\/uploads\/2025\/02\/troops-of-doom-mexico-2024-cdmx-770x1231.jpeg 770w, https:\/\/summainferno.com\/wp-content\/uploads\/2025\/02\/troops-of-doom-mexico-2024-cdmx-961x1536.jpeg 961w, https:\/\/summainferno.com\/wp-content\/uploads\/2025\/02\/troops-of-doom-mexico-2024-cdmx-8x12.jpeg 8w, https:\/\/summainferno.com\/wp-content\/uploads\/2025\/02\/troops-of-doom-mexico-2024-cdmx-293x469.jpeg 293w, https:\/\/summainferno.com\/wp-content\/uploads\/2025\/02\/troops-of-doom-mexico-2024-cdmx-390x624.jpeg 390w, https:\/\/summainferno.com\/wp-content\/uploads\/2025\/02\/troops-of-doom-mexico-2024-cdmx.jpeg 1080w\" sizes=\"(max-width: 640px) 100vw, 640px\" \/><\/noscript><\/figure>","protected":false},"excerpt":{"rendered":"<p>The Troops of Doom, la banda brasile\u00f1a liderada por Jairo &#8220;Tormentor&#8221; Guedz, llegar\u00e1 a M\u00e9xico con cuatro fechas en diferentes ciudades, incluida una fecha en la Ciudad de M\u00e9xico el pr\u00f3ximo 15 de Febrero de 2025 en el renovado multiforo cultural Alicia. Jairo Guedz fue guitarrista de la leyenda del metal brasile\u00f1o Sepultura de 1985 a 1987 , periodo en el que particip\u00f3 en la grabaci\u00f3n del EP Bestial Devastation y en el primer trabajo de larga duraci\u00f3n de la [&hellip;]<\/p>\n","protected":false},"author":9,"featured_media":60613,"comment_status":"open","ping_status":"open","sticky":false,"template":"","format":"standard","meta":{"footnotes":""},"categories":[260],"tags":[674,5100],"class_list":["post-60612","post","type-post","status-publish","format-standard","has-post-thumbnail","hentry","category-new","tag-sepultura","tag-the-troops-of-doom"],"_links":{"self":[{"href":"https:\/\/summainferno.com\/en\/wp-json\/wp\/v2\/posts\/60612","targetHints":{"allow":["GET"]}}],"collection":[{"href":"https:\/\/summainferno.com\/en\/wp-json\/wp\/v2\/posts"}],"about":[{"href":"https:\/\/summainferno.com\/en\/wp-json\/wp\/v2\/types\/post"}],"author":[{"embeddable":true,"href":"https:\/\/summainferno.com\/en\/wp-json\/wp\/v2\/users\/9"}],"replies":[{"embeddable":true,"href":"https:\/\/summainferno.com\/en\/wp-json\/wp\/v2\/comments?post=60612"}],"version-history":[{"count":2,"href":"https:\/\/summainferno.com\/en\/wp-json\/wp\/v2\/posts\/60612\/revisions"}],"predecessor-version":[{"id":60617,"href":"https:\/\/summainferno.com\/en\/wp-json\/wp\/v2\/posts\/60612\/revisions\/60617"}],"wp:featuredmedia":[{"embeddable":true,"href":"https:\/\/summainferno.com\/en\/wp-json\/wp\/v2\/media\/60613"}],"wp:attachment":[{"href":"https:\/\/summainferno.com\/en\/wp-json\/wp\/v2\/media?parent=60612"}],"wp:term":[{"taxonomy":"category","embeddable":true,"href":"https:\/\/summainferno.com\/en\/wp-json\/wp\/v2\/categories?post=60612"},{"taxonomy":"post_tag","embeddable":true,"href":"https:\/\/summainferno.com\/en\/wp-json\/wp\/v2\/tags?post=60612"}],"curies":[{"name":"wp","href":"https:\/\/api.w.org\/{rel}","templated":true}]}}