{"id":60434,"date":"2025-01-15T12:00:58","date_gmt":"2025-01-15T18:00:58","guid":{"rendered":"https:\/\/summainferno.com\/?p=60434"},"modified":"2025-01-15T12:00:59","modified_gmt":"2025-01-15T18:00:59","slug":"sabaton-lanzara-cinta-animada-the-war-to-end-all-wars-en-streaming","status":"publish","type":"post","link":"https:\/\/summainferno.com\/en\/sabaton-lanzara-cinta-animada-the-war-to-end-all-wars-en-streaming\/","title":{"rendered":"Sabaton to release animated film \u2018The War to End All Wars\u2019 on streaming"},"content":{"rendered":"<p class=\" translation-block\">Due to overwhelming demand, <strong>Sabaton<\/strong>\u2019s animated film, <strong><em>\u2018The War To End All Wars \u2013 The Movie\u2019<\/em><\/strong> will premiere on streaming video services beginning March 11 in a wide range of territories. The film will be available on <a href=\"https:\/\/nuclearblast.us19.list-manage.com\/track\/click?u=f52be22febdeb73950b267672&amp;id=a412cd5c6f&amp;e=506ba570e5\" target=\"_blank\" rel=\"noreferrer noopener\">Apple TV<\/a> (available for pre-order now), YouTube Movies, Google Play, and Amazon Prime Video.<\/p>\n\n\n\n<p>This film is the result of years of dedication, research and collaboration with Yarnhub, a renowned animation studio specializing in historical narratives.<\/p>\n\n\n\n<figure class=\"wp-block-embed alignwide is-type-video is-provider-youtube wp-block-embed-youtube wp-embed-aspect-16-9 wp-has-aspect-ratio\"><div class=\"wp-block-embed__wrapper\">\n<iframe class=\"zeen-lazy-load-base zeen-lazy-load\" title=\"Our animated movie hits video streaming services March 11. Pre-order it now!\" width=\"1200\" height=\"675\" src=\"about:blank\" data-lazy-src=\"https:\/\/www.youtube.com\/embed\/QIz4HAD-jZw?feature=oembed\" frameborder=\"0\" allow=\"accelerometer; autoplay; clipboard-write; encrypted-media; gyroscope; picture-in-picture; web-share\" referrerpolicy=\"strict-origin-when-cross-origin\" allowfullscreen><\/iframe><noscript><iframe title=\"Our animated movie hits video streaming services March 11. Pre-order it now!\" width=\"1200\" height=\"675\" src=\"https:\/\/www.youtube.com\/embed\/QIz4HAD-jZw?feature=oembed\" frameborder=\"0\" allow=\"accelerometer; autoplay; clipboard-write; encrypted-media; gyroscope; picture-in-picture; web-share\" referrerpolicy=\"strict-origin-when-cross-origin\" allowfullscreen><\/iframe><\/noscript>\n<\/div><\/figure>\n\n\n\n<p class=\" translation-block\">This 67-minute animated feature film takes viewers on a captivating journey through the harrowing and heroic stories of World War I, bringing to life the remarkable and often untold experiences of those who lived through the Great War. Inspired by the narratives behind the songs on SABATON\u2019s tenth studio album, \u201cThe War To End All Wars,\u201d the film blends historical accuracy with artistic creativity, all backed by a powerful soundtrack. These stories offer deep meaning and are presented in a unique and engaging format. \u201cThe War To End All Wars \u2013 The Movie\u201d also features live-action and animated appearances by the band members.<\/p>\n\n\n\n<p class=\" translation-block\">\u201c<strong>The War To End All Wars \u2013 The Movie<\/strong>\u201d was part of a major charitable initiative launched by the band in 2023, titled \u201c<strong>History Rocks<\/strong>.\u201d The initiative was created to emphasize the importance of history and encourage communities to engage with and support local museums. As part of this effort, the ensemble donated this animated film to 140 museums, from small local gems to internationally recognized institutions across 30 territories. These museums screened the film on their premises, some organizing entire events around the screenings. The initiative not only increased their global visibility but also connected them with a new, vibrant and enthusiastic audience.<\/p>","protected":false},"excerpt":{"rendered":"<p>Debido a la abrumadora demanda, el film animado de\u00a0Sabaton, &#8216;The War To End All Wars \u2013 The Movie&#8217; se estrenar\u00e1 en servicios de streaming de video a partir del 11 de marzo en una amplia gama de territorios. La pel\u00edcula estar\u00e1 disponible en\u00a0Apple TV\u00a0(ya disponible para reserva), YouTube Movies, Google Play y Amazon Prime Video.\u00a0 Esta pel\u00edcula es el resultado de a\u00f1os de dedicaci\u00f3n, investigaci\u00f3n y colaboraci\u00f3n con Yarnhub, un reconocido estudio de animaci\u00f3n especializado en narraciones hist\u00f3ricas. Este largometraje [&hellip;]<\/p>\n","protected":false},"author":1,"featured_media":60436,"comment_status":"open","ping_status":"open","sticky":false,"template":"","format":"standard","meta":{"footnotes":""},"categories":[171,260],"tags":[2995],"class_list":["post-60434","post","type-post","status-publish","format-standard","has-post-thumbnail","hentry","category-heavy-metal","category-new","tag-sabaton-2"],"_links":{"self":[{"href":"https:\/\/summainferno.com\/en\/wp-json\/wp\/v2\/posts\/60434","targetHints":{"allow":["GET"]}}],"collection":[{"href":"https:\/\/summainferno.com\/en\/wp-json\/wp\/v2\/posts"}],"about":[{"href":"https:\/\/summainferno.com\/en\/wp-json\/wp\/v2\/types\/post"}],"author":[{"embeddable":true,"href":"https:\/\/summainferno.com\/en\/wp-json\/wp\/v2\/users\/1"}],"replies":[{"embeddable":true,"href":"https:\/\/summainferno.com\/en\/wp-json\/wp\/v2\/comments?post=60434"}],"version-history":[{"count":1,"href":"https:\/\/summainferno.com\/en\/wp-json\/wp\/v2\/posts\/60434\/revisions"}],"predecessor-version":[{"id":60438,"href":"https:\/\/summainferno.com\/en\/wp-json\/wp\/v2\/posts\/60434\/revisions\/60438"}],"wp:featuredmedia":[{"embeddable":true,"href":"https:\/\/summainferno.com\/en\/wp-json\/wp\/v2\/media\/60436"}],"wp:attachment":[{"href":"https:\/\/summainferno.com\/en\/wp-json\/wp\/v2\/media?parent=60434"}],"wp:term":[{"taxonomy":"category","embeddable":true,"href":"https:\/\/summainferno.com\/en\/wp-json\/wp\/v2\/categories?post=60434"},{"taxonomy":"post_tag","embeddable":true,"href":"https:\/\/summainferno.com\/en\/wp-json\/wp\/v2\/tags?post=60434"}],"curies":[{"name":"wp","href":"https:\/\/api.w.org\/{rel}","templated":true}]}}