{"id":59110,"date":"2024-06-17T09:37:24","date_gmt":"2024-06-17T15:37:24","guid":{"rendered":"https:\/\/summainferno.com\/?p=59110"},"modified":"2024-06-17T09:37:26","modified_gmt":"2024-06-17T15:37:26","slug":"solstafir-estrena-sencillo-hin-helga-kvol","status":"publish","type":"post","link":"https:\/\/summainferno.com\/en\/solstafir-estrena-sencillo-hin-helga-kvol\/","title":{"rendered":"S\u00f3lstafir releases single, 'Hin Helga Kv\u00f6l'"},"content":{"rendered":"<p class=\" translation-block\">Icelanders <strong>S\u00f3lstafir<\/strong> are back with a new single called 'Hin Helga Kv\u00f6l'<\/em>. Along with the song, the official video was also released, directed by Karl \u00c1g\u00fast Gu\u00f0mundsson of Polarama. This is the band's first release with their new label, Century Media.<\/p>\n\n\n\n<p>\u201cIt's a song about death. It's about realizing that you will die sooner rather than later and consciously witnessing the end of your own world. It is the personal idea that each one has of Ragnar\u00f6k \u2013 or Armageddon. What happens next? Are we being reborn or are we simply food for the worms\u2026?\u201d says singer A\u00f0albj\u00f6rn Tryggvason.<\/p>\n\n\n\n<figure class=\"wp-block-embed alignwide is-type-video is-provider-youtube wp-block-embed-youtube wp-embed-aspect-16-9 wp-has-aspect-ratio\"><div class=\"wp-block-embed__wrapper\">\n<iframe class=\"zeen-lazy-load-base zeen-lazy-load\" title=\"S\u00d3LSTAFIR - Hin Helga Kv\u00f6l (OFFICIAL VIDEO)\" width=\"1200\" height=\"675\" src=\"about:blank\" data-lazy-src=\"https:\/\/www.youtube.com\/embed\/s6qKV8s9-BA?feature=oembed\" frameborder=\"0\" allow=\"accelerometer; autoplay; clipboard-write; encrypted-media; gyroscope; picture-in-picture; web-share\" referrerpolicy=\"strict-origin-when-cross-origin\" allowfullscreen><\/iframe><noscript><iframe title=\"S\u00d3LSTAFIR - Hin Helga Kv\u00f6l (OFFICIAL VIDEO)\" width=\"1200\" height=\"675\" src=\"https:\/\/www.youtube.com\/embed\/s6qKV8s9-BA?feature=oembed\" frameborder=\"0\" allow=\"accelerometer; autoplay; clipboard-write; encrypted-media; gyroscope; picture-in-picture; web-share\" referrerpolicy=\"strict-origin-when-cross-origin\" allowfullscreen><\/iframe><\/noscript>\n<\/div><\/figure>\n\n\n\n<p class=\" translation-block\"><strong>S\u00f3lstafir<\/strong> will be in Mexico as part of the 2024 edition of the Guanajuato festival <strong>Candelabrum Metal Fest <\/strong>which will take place on September 7 and 8 at Velaria de Le\u00f3n. Tickets for the festival are now available.<\/p>\n\n\n\n<figure class=\"wp-block-image size-large\"><img decoding=\"async\" width=\"1024\" height=\"1024\" loading=\"lazy\" src=\"https:\/\/summainferno.com\/wp-content\/uploads\/2024\/06\/image-36-1024x1024.png\" alt=\"\" class=\"wp-image-59113\" title=\"\" srcset=\"https:\/\/summainferno.com\/wp-content\/uploads\/2024\/06\/image-36-1024x1024.png 1024w, https:\/\/summainferno.com\/wp-content\/uploads\/2024\/06\/image-36-300x300.png 300w, https:\/\/summainferno.com\/wp-content\/uploads\/2024\/06\/image-36-100x100.png 100w, https:\/\/summainferno.com\/wp-content\/uploads\/2024\/06\/image-36-770x770.png 770w, https:\/\/summainferno.com\/wp-content\/uploads\/2024\/06\/image-36-1536x1536.png 1536w, https:\/\/summainferno.com\/wp-content\/uploads\/2024\/06\/image-36-12x12.png 12w, https:\/\/summainferno.com\/wp-content\/uploads\/2024\/06\/image-36-293x293.png 293w, https:\/\/summainferno.com\/wp-content\/uploads\/2024\/06\/image-36-390x390.png 390w, https:\/\/summainferno.com\/wp-content\/uploads\/2024\/06\/image-36-585x585.png 585w, https:\/\/summainferno.com\/wp-content\/uploads\/2024\/06\/image-36-900x900.png 900w, https:\/\/summainferno.com\/wp-content\/uploads\/2024\/06\/image-36-1400x1400.png 1400w, https:\/\/summainferno.com\/wp-content\/uploads\/2024\/06\/image-36.png 2048w\" sizes=\"auto, (max-width: 1024px) 100vw, 1024px\" \/><noscript><img decoding=\"async\" width=\"1024\" height=\"1024\" src=\"https:\/\/summainferno.com\/wp-content\/uploads\/2024\/06\/image-36-1024x1024.png\" alt=\"\" class=\"wp-image-59113\" title=\"\" srcset=\"https:\/\/summainferno.com\/wp-content\/uploads\/2024\/06\/image-36-1024x1024.png 1024w, https:\/\/summainferno.com\/wp-content\/uploads\/2024\/06\/image-36-300x300.png 300w, https:\/\/summainferno.com\/wp-content\/uploads\/2024\/06\/image-36-100x100.png 100w, https:\/\/summainferno.com\/wp-content\/uploads\/2024\/06\/image-36-770x770.png 770w, https:\/\/summainferno.com\/wp-content\/uploads\/2024\/06\/image-36-1536x1536.png 1536w, https:\/\/summainferno.com\/wp-content\/uploads\/2024\/06\/image-36-12x12.png 12w, https:\/\/summainferno.com\/wp-content\/uploads\/2024\/06\/image-36-293x293.png 293w, https:\/\/summainferno.com\/wp-content\/uploads\/2024\/06\/image-36-390x390.png 390w, https:\/\/summainferno.com\/wp-content\/uploads\/2024\/06\/image-36-585x585.png 585w, https:\/\/summainferno.com\/wp-content\/uploads\/2024\/06\/image-36-900x900.png 900w, https:\/\/summainferno.com\/wp-content\/uploads\/2024\/06\/image-36-1400x1400.png 1400w, https:\/\/summainferno.com\/wp-content\/uploads\/2024\/06\/image-36.png 2048w\" sizes=\"(max-width: 1024px) 100vw, 1024px\" \/><\/noscript><\/figure>","protected":false},"excerpt":{"rendered":"<p>Los islandeses S\u00f3lstafir est\u00e1n de vuelta con un nuevo sencillo llamado &#8216;Hin Helga Kv\u00f6l&#8217;. Junto al tema, tambi\u00e9n se estren\u00f3 el video oficial, dirigido por Karl \u00c1g\u00fast Gu\u00f0mundsson de Polarama. Se trata del primer lanzamiento de la banda con su nueva disquera, Century Media. &#8220;Es una canci\u00f3n sobre la muerte. Se trata de darte cuenta de que morir\u00e1s m\u00e1s temprano que tarde y presenciar conscientemente el fin de tu propio mundo. Es la idea personal que cada uno tiene del [&hellip;]<\/p>\n","protected":false},"author":1,"featured_media":59114,"comment_status":"open","ping_status":"open","sticky":false,"template":"","format":"standard","meta":{"footnotes":""},"categories":[2133,260],"tags":[3468],"class_list":["post-59110","post","type-post","status-publish","format-standard","has-post-thumbnail","hentry","category-avant-garde","category-new","tag-solstafir-2"],"_links":{"self":[{"href":"https:\/\/summainferno.com\/en\/wp-json\/wp\/v2\/posts\/59110","targetHints":{"allow":["GET"]}}],"collection":[{"href":"https:\/\/summainferno.com\/en\/wp-json\/wp\/v2\/posts"}],"about":[{"href":"https:\/\/summainferno.com\/en\/wp-json\/wp\/v2\/types\/post"}],"author":[{"embeddable":true,"href":"https:\/\/summainferno.com\/en\/wp-json\/wp\/v2\/users\/1"}],"replies":[{"embeddable":true,"href":"https:\/\/summainferno.com\/en\/wp-json\/wp\/v2\/comments?post=59110"}],"version-history":[{"count":1,"href":"https:\/\/summainferno.com\/en\/wp-json\/wp\/v2\/posts\/59110\/revisions"}],"predecessor-version":[{"id":59115,"href":"https:\/\/summainferno.com\/en\/wp-json\/wp\/v2\/posts\/59110\/revisions\/59115"}],"wp:featuredmedia":[{"embeddable":true,"href":"https:\/\/summainferno.com\/en\/wp-json\/wp\/v2\/media\/59114"}],"wp:attachment":[{"href":"https:\/\/summainferno.com\/en\/wp-json\/wp\/v2\/media?parent=59110"}],"wp:term":[{"taxonomy":"category","embeddable":true,"href":"https:\/\/summainferno.com\/en\/wp-json\/wp\/v2\/categories?post=59110"},{"taxonomy":"post_tag","embeddable":true,"href":"https:\/\/summainferno.com\/en\/wp-json\/wp\/v2\/tags?post=59110"}],"curies":[{"name":"wp","href":"https:\/\/api.w.org\/{rel}","templated":true}]}}