{"id":5897,"date":"2014-09-06T17:16:43","date_gmt":"2014-09-06T22:16:43","guid":{"rendered":"http:\/\/summainferno.com\/?p=5897"},"modified":"2014-09-06T17:16:43","modified_gmt":"2014-09-06T22:16:43","slug":"gipfelsturmer-el-nuevo-album-de-unheilig","status":"publish","type":"post","link":"https:\/\/summainferno.com\/en\/gipfelsturmer-el-nuevo-album-de-unheilig\/","title":{"rendered":"&#8216;Gipfelst\u00fcrmer&#8217;, el nuevo \u00e1lbum de UNHEILIG."},"content":{"rendered":"<hr \/>\n<p><strong>Unheilig<\/strong> ha dado a conocer la portada y el tracklist de su nuevo \u00e1lbum, <em>&#8216;Gipfelst\u00fcrmer&#8217;<\/em>, el cual tiene fecha de salida del 12 de Diciembre en versi\u00f3n est\u00e1ndar con 16 temas y una edici\u00f3n limitada que adem\u00e1s contendr\u00e1 un segundo disco con versiones demo.<\/p>\n<p><em>&#8216;Gipfelst\u00fcrmer&#8217; trata sobre los impresionantes paisajes monta\u00f1eses. Desde muy temprana edad siempre me fascin\u00f3 el tema de las monta\u00f1as con todas sus diferentes facetas. Y ahora es el momento adecuado para expresar todos mis pensamientos y sentimientos sobre el tema a trav\u00e9s de la m\u00fasica&#8221;<\/em>. dice la mentre maestra de <strong>Unheilig<\/strong>, <em>Der Graf<\/em>.<\/p>\n<hr \/>\n<p><em><strong>&#8216;Gipfelst\u00fcrmer&#8217; &#8211; Tracklist:<\/strong><\/em><\/p>\n<p>1. Der Berg (Intro)<br \/>\n2. Hinunter bis auf Eins<br \/>\n3. Zeit zu gehen<br \/>\n4. Weisheiten des Lebens<br \/>\n5. Zwischen Licht und Schatten<br \/>\n6. Gl\u00fcck Auf das Leben<br \/>\n7. Wie in guten alten Zeiten<br \/>\n8. Alles hat seine Zeit<br \/>\n9. Echo<br \/>\n10. Mein Berg<br \/>\n11. Goldrausch<br \/>\n12. Held f\u00fcr einen Tag<br \/>\n13. Dem Himmel so nah<br \/>\n14. Wir sind die Gipfelst\u00fcrmer<br \/>\n15. Hand in Hand<br \/>\n16. Der Gipfel (Outro)<\/p>\n<hr \/>\n<p>&nbsp;<\/p>\n<p><a href=\"http:\/\/summainferno.com\/wp-content\/uploads\/2014\/09\/Unheilig-Gipfelst\u00fcrmer.jpg\"><img decoding=\"async\" loading=\"lazy\" class=\"aligncenter size-large wp-image-5899\" src=\"http:\/\/summainferno.com\/wp-content\/uploads\/2014\/09\/Unheilig-Gipfelst\u00fcrmer-780x780.jpg\" alt=\"Unheilig - Gipfelst\u00fcrmer\" width=\"780\" height=\"780\" title=\"\"><noscript><img decoding=\"async\" class=\"aligncenter size-large wp-image-5899\" src=\"http:\/\/summainferno.com\/wp-content\/uploads\/2014\/09\/Unheilig-Gipfelst\u00fcrmer-780x780.jpg\" alt=\"Unheilig - Gipfelst\u00fcrmer\" width=\"780\" height=\"780\" title=\"\"><\/noscript><\/a><\/p>\n<p>&nbsp;<\/p>\n<p><center><script type=\"text\/javascript\"><!--\ngoogle_ad_client = \"ca-pub-8282788028445307\";\n\/* Summa News *\/\ngoogle_ad_slot = \"6232665367\";\ngoogle_ad_width = 728;\ngoogle_ad_height = 90;\n\/\/-->\n<\/script><br \/>\n<script type=\"text\/javascript\"\nsrc=\"\/\/pagead2.googlesyndication.com\/pagead\/show_ads.js\">\n<\/script><\/center>&nbsp;<\/p>","protected":false},"excerpt":{"rendered":"<p>Unheilig ha dado a conocer la portada y el tracklist de su nuevo \u00e1lbum, &#8216;Gipfelst\u00fcrmer&#8217;, el cual tiene fecha de salida del 12 de Diciembre en versi\u00f3n est\u00e1ndar con 16 temas y una edici\u00f3n limitada que adem\u00e1s contendr\u00e1 un segundo disco con versiones demo. &#8216;Gipfelst\u00fcrmer&#8217; trata sobre los impresionantes paisajes monta\u00f1eses. Desde muy temprana edad siempre me fascin\u00f3 el tema de las monta\u00f1as con todas sus diferentes facetas. Y ahora es el momento adecuado para expresar todos mis pensamientos y [&hellip;]<\/p>\n","protected":false},"author":1,"featured_media":5898,"comment_status":"open","ping_status":"open","sticky":false,"template":"","format":"standard","meta":{"footnotes":""},"categories":[31],"tags":[906,907],"class_list":["post-5897","post","type-post","status-publish","format-standard","has-post-thumbnail","hentry","category-metal","tag-gipfelsturmer","tag-unheilig"],"_links":{"self":[{"href":"https:\/\/summainferno.com\/en\/wp-json\/wp\/v2\/posts\/5897","targetHints":{"allow":["GET"]}}],"collection":[{"href":"https:\/\/summainferno.com\/en\/wp-json\/wp\/v2\/posts"}],"about":[{"href":"https:\/\/summainferno.com\/en\/wp-json\/wp\/v2\/types\/post"}],"author":[{"embeddable":true,"href":"https:\/\/summainferno.com\/en\/wp-json\/wp\/v2\/users\/1"}],"replies":[{"embeddable":true,"href":"https:\/\/summainferno.com\/en\/wp-json\/wp\/v2\/comments?post=5897"}],"version-history":[{"count":0,"href":"https:\/\/summainferno.com\/en\/wp-json\/wp\/v2\/posts\/5897\/revisions"}],"wp:featuredmedia":[{"embeddable":true,"href":"https:\/\/summainferno.com\/en\/wp-json\/"}],"wp:attachment":[{"href":"https:\/\/summainferno.com\/en\/wp-json\/wp\/v2\/media?parent=5897"}],"wp:term":[{"taxonomy":"category","embeddable":true,"href":"https:\/\/summainferno.com\/en\/wp-json\/wp\/v2\/categories?post=5897"},{"taxonomy":"post_tag","embeddable":true,"href":"https:\/\/summainferno.com\/en\/wp-json\/wp\/v2\/tags?post=5897"}],"curies":[{"name":"wp","href":"https:\/\/api.w.org\/{rel}","templated":true}]}}