{"id":5863,"date":"2014-09-05T12:26:05","date_gmt":"2014-09-05T17:26:05","guid":{"rendered":"http:\/\/summainferno.com\/?p=5863"},"modified":"2014-09-05T12:26:05","modified_gmt":"2014-09-05T17:26:05","slug":"corey-taylor-muestra-su-nuevo-mascara-pero-solo-un-poco","status":"publish","type":"post","link":"https:\/\/summainferno.com\/en\/corey-taylor-muestra-su-nuevo-mascara-pero-solo-un-poco\/","title":{"rendered":"Corey Taylor muestra su nueva m\u00e1scara&#8230; pero solo un poco."},"content":{"rendered":"<hr \/>\n<p>Slipknot est\u00e1 listo para salir de tour promocionando su pr\u00f3ximo \u00e1lbum <em>&#8216;.5: The Gray Chapter&#8217;<\/em> y para despertar a\u00fan m\u00e1s el ansia de los fans, la banda ha subido un video de <strong>Corey Taylor<\/strong> promocionando las fechas de la gira.<\/p>\n<p>\u00bfCual es la novedad en esto? Que lo hace mostrando -aunque sea un poco- la nueva m\u00e1scara que usar\u00e1. Detr\u00e1s de un pl\u00e1stico rasgado e intencionalmente oscurecido para ocultarla lo m\u00e1s posible, pero apreciable a\u00fan as\u00ed. A primera vista se aprecian dos grandes cicatrices a los costados de la boca [\u00bfacaso eres t\u00fa, Joker de Heath Ledger?]. Puedes ver el video a continuaci\u00f3n:<\/p>\n<hr \/>\n<p><iframe class=\"zeen-lazy-load-base zeen-lazy-load\" src=\"about:blank\" data-lazy-src=\"\/\/www.youtube.com\/embed\/FMYiJpkp1fI?rel=0\" width=\"780\" height=\"439\" frameborder=\"0\" allowfullscreen=\"allowfullscreen\"><\/iframe><noscript><iframe src=\"\/\/www.youtube.com\/embed\/FMYiJpkp1fI?rel=0\" width=\"780\" height=\"439\" frameborder=\"0\" allowfullscreen=\"allowfullscreen\"><\/iframe><\/noscript><\/p>\n<p>&nbsp;<\/p>\n<p><center><script type=\"text\/javascript\">\/\/ <![CDATA[\ngoogle_ad_client = \"ca-pub-8282788028445307\"; \/* Summa News *\/ google_ad_slot = \"6232665367\"; google_ad_width = 728; google_ad_height = 90;\n\/\/ ]]><\/script><br \/>\n<script src=\"\/\/pagead2.googlesyndication.com\/pagead\/show_ads.js\" type=\"text\/javascript\">\/\/ <![CDATA[\n\n\n\/\/ ]]><\/script><\/center>&nbsp;<\/p>\n","protected":false},"excerpt":{"rendered":"<p>Slipknot est\u00e1 listo para salir de tour promocionando su pr\u00f3ximo \u00e1lbum &#8216;.5: The Gray Chapter&#8217; y para despertar a\u00fan m\u00e1s el ansia de los fans, la banda ha subido un video de Corey Taylor promocionando las fechas de la gira. \u00bfCual es la novedad en esto? Que lo hace mostrando -aunque sea un poco- la nueva m\u00e1scara que usar\u00e1. Detr\u00e1s de un pl\u00e1stico rasgado e intencionalmente oscurecido para ocultarla lo m\u00e1s posible, pero apreciable a\u00fan as\u00ed. A primera vista se [&hellip;]<\/p>\n","protected":false},"author":1,"featured_media":5864,"comment_status":"open","ping_status":"open","sticky":false,"template":"","format":"standard","meta":{"footnotes":""},"categories":[111,442],"tags":[2414,603],"class_list":["post-5863","post","type-post","status-publish","format-standard","has-post-thumbnail","hentry","category-destacado","category-nu-metal","tag-nuevas-mascaras","tag-slipknot"],"_links":{"self":[{"href":"https:\/\/summainferno.com\/en\/wp-json\/wp\/v2\/posts\/5863","targetHints":{"allow":["GET"]}}],"collection":[{"href":"https:\/\/summainferno.com\/en\/wp-json\/wp\/v2\/posts"}],"about":[{"href":"https:\/\/summainferno.com\/en\/wp-json\/wp\/v2\/types\/post"}],"author":[{"embeddable":true,"href":"https:\/\/summainferno.com\/en\/wp-json\/wp\/v2\/users\/1"}],"replies":[{"embeddable":true,"href":"https:\/\/summainferno.com\/en\/wp-json\/wp\/v2\/comments?post=5863"}],"version-history":[{"count":0,"href":"https:\/\/summainferno.com\/en\/wp-json\/wp\/v2\/posts\/5863\/revisions"}],"wp:featuredmedia":[{"embeddable":true,"href":"https:\/\/summainferno.com\/en\/wp-json\/"}],"wp:attachment":[{"href":"https:\/\/summainferno.com\/en\/wp-json\/wp\/v2\/media?parent=5863"}],"wp:term":[{"taxonomy":"category","embeddable":true,"href":"https:\/\/summainferno.com\/en\/wp-json\/wp\/v2\/categories?post=5863"},{"taxonomy":"post_tag","embeddable":true,"href":"https:\/\/summainferno.com\/en\/wp-json\/wp\/v2\/tags?post=5863"}],"curies":[{"name":"wp","href":"https:\/\/api.w.org\/{rel}","templated":true}]}}