{"id":58517,"date":"2024-04-19T13:01:18","date_gmt":"2024-04-19T19:01:18","guid":{"rendered":"https:\/\/summainferno.com\/?p=58517"},"modified":"2024-04-19T13:04:15","modified_gmt":"2024-04-19T19:04:15","slug":"llegara-nuevo-festival-emo-a-mexico-we-missed-ourselves","status":"publish","type":"post","link":"https:\/\/summainferno.com\/en\/llegara-nuevo-festival-emo-a-mexico-we-missed-ourselves\/","title":{"rendered":"New emo festival will arrive in Mexico, We Missed Ourselves"},"content":{"rendered":"<p class=\" translation-block\">Get your eyeliner ready, your favorite sneakers and of course your big bangs, because this October 5, 2024, the first edition of the emo festival, <strong>We Missed Ourselves<\/strong> will arrive at the Olympic Velodrome in Mexico City.<\/p>\n\n\n\n<p class=\" translation-block\">There will be eight bands full of retained feelings, nostalgia, extreme melancholy and a lot of core. All bands were carefully chosen by the vocalist of the star band, which is not yet revealed but is rumored to be <strong>Falling in Reverse<\/strong>.<\/p>\n\n\n\n<p>Tickets will be on sale in the Boletia system starting next week. The full lineup will be revealed with ticket sales.<\/p>\n\n\n\n<figure class=\"wp-block-image size-large\"><img decoding=\"async\" width=\"1024\" height=\"1024\" loading=\"lazy\" src=\"https:\/\/summainferno.com\/wp-content\/uploads\/2024\/04\/image-115-1024x1024.png\" alt=\"\" class=\"wp-image-58518\" title=\"\" srcset=\"https:\/\/summainferno.com\/wp-content\/uploads\/2024\/04\/image-115-1024x1024.png 1024w, https:\/\/summainferno.com\/wp-content\/uploads\/2024\/04\/image-115-300x300.png 300w, https:\/\/summainferno.com\/wp-content\/uploads\/2024\/04\/image-115-100x100.png 100w, https:\/\/summainferno.com\/wp-content\/uploads\/2024\/04\/image-115-770x770.png 770w, https:\/\/summainferno.com\/wp-content\/uploads\/2024\/04\/image-115-1536x1536.png 1536w, https:\/\/summainferno.com\/wp-content\/uploads\/2024\/04\/image-115-12x12.png 12w, https:\/\/summainferno.com\/wp-content\/uploads\/2024\/04\/image-115-293x293.png 293w, https:\/\/summainferno.com\/wp-content\/uploads\/2024\/04\/image-115-390x390.png 390w, https:\/\/summainferno.com\/wp-content\/uploads\/2024\/04\/image-115-585x585.png 585w, https:\/\/summainferno.com\/wp-content\/uploads\/2024\/04\/image-115-900x900.png 900w, https:\/\/summainferno.com\/wp-content\/uploads\/2024\/04\/image-115-1400x1400.png 1400w, https:\/\/summainferno.com\/wp-content\/uploads\/2024\/04\/image-115.png 2048w\" sizes=\"auto, (max-width: 1024px) 100vw, 1024px\" \/><noscript><img decoding=\"async\" width=\"1024\" height=\"1024\" src=\"https:\/\/summainferno.com\/wp-content\/uploads\/2024\/04\/image-115-1024x1024.png\" alt=\"\" class=\"wp-image-58518\" title=\"\" srcset=\"https:\/\/summainferno.com\/wp-content\/uploads\/2024\/04\/image-115-1024x1024.png 1024w, https:\/\/summainferno.com\/wp-content\/uploads\/2024\/04\/image-115-300x300.png 300w, https:\/\/summainferno.com\/wp-content\/uploads\/2024\/04\/image-115-100x100.png 100w, https:\/\/summainferno.com\/wp-content\/uploads\/2024\/04\/image-115-770x770.png 770w, https:\/\/summainferno.com\/wp-content\/uploads\/2024\/04\/image-115-1536x1536.png 1536w, https:\/\/summainferno.com\/wp-content\/uploads\/2024\/04\/image-115-12x12.png 12w, https:\/\/summainferno.com\/wp-content\/uploads\/2024\/04\/image-115-293x293.png 293w, https:\/\/summainferno.com\/wp-content\/uploads\/2024\/04\/image-115-390x390.png 390w, https:\/\/summainferno.com\/wp-content\/uploads\/2024\/04\/image-115-585x585.png 585w, https:\/\/summainferno.com\/wp-content\/uploads\/2024\/04\/image-115-900x900.png 900w, https:\/\/summainferno.com\/wp-content\/uploads\/2024\/04\/image-115-1400x1400.png 1400w, https:\/\/summainferno.com\/wp-content\/uploads\/2024\/04\/image-115.png 2048w\" sizes=\"(max-width: 1024px) 100vw, 1024px\" \/><\/noscript><\/figure>","protected":false},"excerpt":{"rendered":"<p>Alista el delineador, tus sneakers favs y claro tu gran fleco, pue este 5 de Octubre del 2024, llegar\u00e1 la primera edici\u00f3n del festival emo, We Missed Ourselves al Velodromo Ol\u00edmpico de la Ciudad de M\u00e9xico. Ser\u00e1n ocho bandas llenas de sentimientos retenidos, nostalgia, melancol\u00eda extrema y mucho core. Todas las bandas fueron minuciosamente elegidas por el vocalista de la banda estelar, la cual todav\u00eda no se revela pero se rumora ser\u00e1 Falling in Reverse. Los boletos estar\u00e1n a la [&hellip;]<\/p>\n","protected":false},"author":1,"featured_media":58519,"comment_status":"open","ping_status":"open","sticky":false,"template":"","format":"standard","meta":{"footnotes":""},"categories":[4824,260],"tags":[4183,1141,1223,25,4825],"class_list":["post-58517","post","type-post","status-publish","format-standard","has-post-thumbnail","hentry","category-emo","category-new","tag-4183","tag-falling-in-reverse","tag-festival","tag-mexico","tag-we-missed-ourselves"],"_links":{"self":[{"href":"https:\/\/summainferno.com\/en\/wp-json\/wp\/v2\/posts\/58517","targetHints":{"allow":["GET"]}}],"collection":[{"href":"https:\/\/summainferno.com\/en\/wp-json\/wp\/v2\/posts"}],"about":[{"href":"https:\/\/summainferno.com\/en\/wp-json\/wp\/v2\/types\/post"}],"author":[{"embeddable":true,"href":"https:\/\/summainferno.com\/en\/wp-json\/wp\/v2\/users\/1"}],"replies":[{"embeddable":true,"href":"https:\/\/summainferno.com\/en\/wp-json\/wp\/v2\/comments?post=58517"}],"version-history":[{"count":1,"href":"https:\/\/summainferno.com\/en\/wp-json\/wp\/v2\/posts\/58517\/revisions"}],"predecessor-version":[{"id":58520,"href":"https:\/\/summainferno.com\/en\/wp-json\/wp\/v2\/posts\/58517\/revisions\/58520"}],"wp:featuredmedia":[{"embeddable":true,"href":"https:\/\/summainferno.com\/en\/wp-json\/wp\/v2\/media\/58519"}],"wp:attachment":[{"href":"https:\/\/summainferno.com\/en\/wp-json\/wp\/v2\/media?parent=58517"}],"wp:term":[{"taxonomy":"category","embeddable":true,"href":"https:\/\/summainferno.com\/en\/wp-json\/wp\/v2\/categories?post=58517"},{"taxonomy":"post_tag","embeddable":true,"href":"https:\/\/summainferno.com\/en\/wp-json\/wp\/v2\/tags?post=58517"}],"curies":[{"name":"wp","href":"https:\/\/api.w.org\/{rel}","templated":true}]}}