{"id":57977,"date":"2024-03-20T16:07:50","date_gmt":"2024-03-20T22:07:50","guid":{"rendered":"https:\/\/summainferno.com\/?p=57977"},"modified":"2024-03-20T16:07:53","modified_gmt":"2024-03-20T22:07:53","slug":"clutch-llegara-a-mexico-en-julio","status":"publish","type":"post","link":"https:\/\/summainferno.com\/en\/clutch-llegara-a-mexico-en-julio\/","title":{"rendered":"Clutch will arrive in Mexico in July"},"content":{"rendered":"<p class=\" translation-block\">The American band <strong>Clutch<\/strong> has finally confirmed its long-awaited concert in Mexico. The hard rock leaders led by Neil Fallon, Tim Sult, Dan Magines and Jean-Paul Gaster, will arrive at Forum 28 on July 26, to review all their great songs from their long musical career.<\/p>\n\n\n\n<p class=\" translation-block\">It was in 1993 that the band debuted with their album Transnational Speedway League, but their success would come with their self-titled album released in 1995 and then with The Elephant Riders in 1998. They define themselves as a \u201cdamn rock band\u201d, without falling into labels or styles, only making music that has been played live in bars and on big stages alongside bands of the caliber of Mot\u00f6rhead, Mastodon, Iron Maiden, Primus, among many others.<\/p>\n\n\n\n<p class=\" translation-block\">In 2022 the band releases its latest work under the name <em>Sunrise on Slaughter Beach, <\/em>further consolidating its musical career with an infectious, stimulating style based on good rock.<\/p>\n\n\n\n<p class=\" translation-block\">Tickets are now on sale through <a href=\"https:\/\/url.eventrid.com\/BrMo\" target=\"_blank\" rel=\"noopener\"><strong>Eventrid.<\/strong><\/a><\/p>\n\n\n\n<hr class=\"wp-block-separator has-text-color has-alpha-channel-opacity has-background is-style-wide\" style=\"background-color:#ac9449;color:#ac9449\"\/>\n\n\n\n<ul class=\"wp-block-list\">\n<li><strong>$600 Preventa especial<\/strong><\/li>\n\n\n\n<li><strong>$650 Preventa<\/strong><\/li>\n\n\n\n<li><strong>$700 General<\/strong><\/li>\n\n\n\n<li><strong>$750 General\/Puerta<\/strong><\/li>\n<\/ul>\n\n\n\n<hr class=\"wp-block-separator has-text-color has-alpha-channel-opacity has-background is-style-wide\" style=\"background-color:#ac9449;color:#ac9449\"\/>\n\n\n<div class=\"wp-block-image\">\n<figure class=\"aligncenter size-full\"><img decoding=\"async\" width=\"720\" height=\"900\" loading=\"lazy\" src=\"https:\/\/summainferno.com\/wp-content\/uploads\/2024\/03\/image-66.png\" alt=\"\" class=\"wp-image-57979\" title=\"\" srcset=\"https:\/\/summainferno.com\/wp-content\/uploads\/2024\/03\/image-66.png 720w, https:\/\/summainferno.com\/wp-content\/uploads\/2024\/03\/image-66-240x300.png 240w, https:\/\/summainferno.com\/wp-content\/uploads\/2024\/03\/image-66-10x12.png 10w, https:\/\/summainferno.com\/wp-content\/uploads\/2024\/03\/image-66-293x366.png 293w, https:\/\/summainferno.com\/wp-content\/uploads\/2024\/03\/image-66-390x488.png 390w\" sizes=\"auto, (max-width: 720px) 100vw, 720px\" \/><noscript><img decoding=\"async\" width=\"720\" height=\"900\" src=\"https:\/\/summainferno.com\/wp-content\/uploads\/2024\/03\/image-66.png\" alt=\"\" class=\"wp-image-57979\" title=\"\" srcset=\"https:\/\/summainferno.com\/wp-content\/uploads\/2024\/03\/image-66.png 720w, https:\/\/summainferno.com\/wp-content\/uploads\/2024\/03\/image-66-240x300.png 240w, https:\/\/summainferno.com\/wp-content\/uploads\/2024\/03\/image-66-10x12.png 10w, https:\/\/summainferno.com\/wp-content\/uploads\/2024\/03\/image-66-293x366.png 293w, https:\/\/summainferno.com\/wp-content\/uploads\/2024\/03\/image-66-390x488.png 390w\" sizes=\"(max-width: 720px) 100vw, 720px\" \/><\/noscript><\/figure>\n<\/div>","protected":false},"excerpt":{"rendered":"<p>La banda estadounidense Clutch al fin ha confirmado su tan esperado concierto en M\u00e9xico.\u00a0Los referentes del hard rock encabezados por Neil Fallon, Tim Sult, Dan Magines y Jean-Paul Gaster, llegar\u00e1n al\u00a0Foro 28 el 26 de julio, para repasar todas sus grandes canciones de su larga carrera musical. Fue en el a\u00f1o 1993 que la banda debut\u00f3 con su \u00e1lbum\u00a0Transnational Speedway League,\u00a0pero su \u00e9xito llegar\u00eda con su \u00e1lbum hom\u00f3nimo lanzado en 1995 y luego con\u00a0The Elephant Riders\u00a0de 1998. Ellos se definen [&hellip;]<\/p>\n","protected":false},"author":1,"featured_media":57978,"comment_status":"open","ping_status":"open","sticky":false,"template":"","format":"standard","meta":{"footnotes":""},"categories":[260,104],"tags":[4183,4317,4082,25],"class_list":["post-57977","post","type-post","status-publish","format-standard","has-post-thumbnail","hentry","category-new","category-rock-alternativo","tag-4183","tag-ciudad-de-mexico-2","tag-clutch","tag-mexico"],"_links":{"self":[{"href":"https:\/\/summainferno.com\/en\/wp-json\/wp\/v2\/posts\/57977","targetHints":{"allow":["GET"]}}],"collection":[{"href":"https:\/\/summainferno.com\/en\/wp-json\/wp\/v2\/posts"}],"about":[{"href":"https:\/\/summainferno.com\/en\/wp-json\/wp\/v2\/types\/post"}],"author":[{"embeddable":true,"href":"https:\/\/summainferno.com\/en\/wp-json\/wp\/v2\/users\/1"}],"replies":[{"embeddable":true,"href":"https:\/\/summainferno.com\/en\/wp-json\/wp\/v2\/comments?post=57977"}],"version-history":[{"count":1,"href":"https:\/\/summainferno.com\/en\/wp-json\/wp\/v2\/posts\/57977\/revisions"}],"predecessor-version":[{"id":57980,"href":"https:\/\/summainferno.com\/en\/wp-json\/wp\/v2\/posts\/57977\/revisions\/57980"}],"wp:featuredmedia":[{"embeddable":true,"href":"https:\/\/summainferno.com\/en\/wp-json\/wp\/v2\/media\/57978"}],"wp:attachment":[{"href":"https:\/\/summainferno.com\/en\/wp-json\/wp\/v2\/media?parent=57977"}],"wp:term":[{"taxonomy":"category","embeddable":true,"href":"https:\/\/summainferno.com\/en\/wp-json\/wp\/v2\/categories?post=57977"},{"taxonomy":"post_tag","embeddable":true,"href":"https:\/\/summainferno.com\/en\/wp-json\/wp\/v2\/tags?post=57977"}],"curies":[{"name":"wp","href":"https:\/\/api.w.org\/{rel}","templated":true}]}}