{"id":56887,"date":"2024-01-23T10:57:19","date_gmt":"2024-01-23T16:57:19","guid":{"rendered":"https:\/\/summainferno.com\/?p=56887"},"modified":"2024-01-23T10:57:23","modified_gmt":"2024-01-23T16:57:23","slug":"at-the-gates-cancela-todas-las-fechas-de-verano-en-2024","status":"publish","type":"post","link":"https:\/\/summainferno.com\/en\/at-the-gates-cancela-todas-las-fechas-de-verano-en-2024\/","title":{"rendered":"At The Gates cancels all summer dates in 2024"},"content":{"rendered":"<p class=\" translation-block\">Swedes <strong>At The Gates<\/strong> announced the cancellation of all the dates they had announced for the spring and summer of 2024 for \u201creasons beyond their control\u201d although without giving more details about their decision.<\/p>\n\n\n\n<p>\u201cWe regret to inform you that At the Gates has been forced to cancel all upcoming shows in the spring and summer due to reasons beyond our control.\u201d they wrote on their social networks. <\/p>\n\n\n\n<p>The band is scheduled to participate in the first edition of the MXMF Metal Fest festival that will take place on November 16 and 17 at the Olympic Velodrome and it is not clear if it will also be part of the cancellations or is still on.<\/p>\n\n\n\n<figure class=\"wp-block-embed is-type-rich is-provider-gestor-del-servicio wp-block-embed-gestor-del-servicio\"><div class=\"wp-block-embed__wrapper\">\nhttps:\/\/www.facebook.com\/AtTheGatesOfficial\/posts\/932957908187770\n<\/div><\/figure>","protected":false},"excerpt":{"rendered":"<p>Los suecos At The Gates anunciaron la cancelaci\u00f3n de todas las fechas que hab\u00edan anunciado para la primavera y el verano del 2024 por &#8220;razones fuera de su control&#8221; aunque sin dar m\u00e1s detalles sobre su decisi\u00f3n. &#8220;Lamentamos informarles que At the Gates se ha visto obligado a cancelar todos los pr\u00f3ximos show en primavera y verano debido a razones fuera de nuestro control.&#8221; escribieron en sus redes sociales. La banda est\u00e1 programada para participar en la primera edici\u00f3n del [&hellip;]<\/p>\n","protected":false},"author":1,"featured_media":56888,"comment_status":"open","ping_status":"open","sticky":false,"template":"","format":"standard","meta":{"footnotes":""},"categories":[778,260],"tags":[772],"class_list":["post-56887","post","type-post","status-publish","format-standard","has-post-thumbnail","hentry","category-death-metal","category-new","tag-at-the-gates"],"_links":{"self":[{"href":"https:\/\/summainferno.com\/en\/wp-json\/wp\/v2\/posts\/56887","targetHints":{"allow":["GET"]}}],"collection":[{"href":"https:\/\/summainferno.com\/en\/wp-json\/wp\/v2\/posts"}],"about":[{"href":"https:\/\/summainferno.com\/en\/wp-json\/wp\/v2\/types\/post"}],"author":[{"embeddable":true,"href":"https:\/\/summainferno.com\/en\/wp-json\/wp\/v2\/users\/1"}],"replies":[{"embeddable":true,"href":"https:\/\/summainferno.com\/en\/wp-json\/wp\/v2\/comments?post=56887"}],"version-history":[{"count":1,"href":"https:\/\/summainferno.com\/en\/wp-json\/wp\/v2\/posts\/56887\/revisions"}],"predecessor-version":[{"id":56889,"href":"https:\/\/summainferno.com\/en\/wp-json\/wp\/v2\/posts\/56887\/revisions\/56889"}],"wp:featuredmedia":[{"embeddable":true,"href":"https:\/\/summainferno.com\/en\/wp-json\/wp\/v2\/media\/56888"}],"wp:attachment":[{"href":"https:\/\/summainferno.com\/en\/wp-json\/wp\/v2\/media?parent=56887"}],"wp:term":[{"taxonomy":"category","embeddable":true,"href":"https:\/\/summainferno.com\/en\/wp-json\/wp\/v2\/categories?post=56887"},{"taxonomy":"post_tag","embeddable":true,"href":"https:\/\/summainferno.com\/en\/wp-json\/wp\/v2\/tags?post=56887"}],"curies":[{"name":"wp","href":"https:\/\/api.w.org\/{rel}","templated":true}]}}