{"id":56715,"date":"2024-01-13T13:00:54","date_gmt":"2024-01-13T19:00:54","guid":{"rendered":"https:\/\/summainferno.com\/?p=56715"},"modified":"2024-01-13T13:00:58","modified_gmt":"2024-01-13T19:00:58","slug":"leaves-eyes-estrena-sencillo-realm-of-dark-waves","status":"publish","type":"post","link":"https:\/\/summainferno.com\/en\/leaves-eyes-estrena-sencillo-realm-of-dark-waves\/","title":{"rendered":"Leaves Eyes release single, 'Realm of Dark Waves'"},"content":{"rendered":"<p class=\" translation-block\">The Germans <strong>Leave's Eyes<\/strong> have released the official video for their new single, 'Realm of Dark Waves', a new promotional installment for their ninth studio album, '<strong>Myths Of Fate<\/strong>' , which will be available starting March 22 through <strong>AFM Records<\/strong>.<\/p>\n\n\n\n<p>The video is the work of the band's boss, Alexander Krull and you can see it below.<\/p>\n\n\n\n<figure class=\"wp-block-embed alignwide is-type-video is-provider-youtube wp-block-embed-youtube wp-embed-aspect-16-9 wp-has-aspect-ratio\"><div class=\"wp-block-embed__wrapper\">\n<iframe class=\"zeen-lazy-load-base zeen-lazy-load\" title=\"LEAVES&#039; EYES - Realm of Dark Waves (2024) \/\/ Official Music Video \/\/ AFM Records\" width=\"1200\" height=\"675\" src=\"about:blank\" data-lazy-src=\"https:\/\/www.youtube.com\/embed\/FVfWtjmNFGo?feature=oembed\" frameborder=\"0\" allow=\"accelerometer; autoplay; clipboard-write; encrypted-media; gyroscope; picture-in-picture; web-share\" allowfullscreen><\/iframe><noscript><iframe title=\"LEAVES&#039; EYES - Realm of Dark Waves (2024) \/\/ Official Music Video \/\/ AFM Records\" width=\"1200\" height=\"675\" src=\"https:\/\/www.youtube.com\/embed\/FVfWtjmNFGo?feature=oembed\" frameborder=\"0\" allow=\"accelerometer; autoplay; clipboard-write; encrypted-media; gyroscope; picture-in-picture; web-share\" allowfullscreen><\/iframe><\/noscript>\n<\/div><\/figure>\n\n\n\n<figure class=\"wp-block-image size-large\"><img decoding=\"async\" width=\"1024\" height=\"1024\" loading=\"lazy\" src=\"https:\/\/summainferno.com\/wp-content\/uploads\/2024\/01\/image-60-1024x1024.png\" alt=\"\" class=\"wp-image-56717\" title=\"\" srcset=\"https:\/\/summainferno.com\/wp-content\/uploads\/2024\/01\/image-60-1024x1024.png 1024w, https:\/\/summainferno.com\/wp-content\/uploads\/2024\/01\/image-60-300x300.png 300w, https:\/\/summainferno.com\/wp-content\/uploads\/2024\/01\/image-60-100x100.png 100w, https:\/\/summainferno.com\/wp-content\/uploads\/2024\/01\/image-60-770x770.png 770w, https:\/\/summainferno.com\/wp-content\/uploads\/2024\/01\/image-60-12x12.png 12w, https:\/\/summainferno.com\/wp-content\/uploads\/2024\/01\/image-60-80x80.png 80w, https:\/\/summainferno.com\/wp-content\/uploads\/2024\/01\/image-60-293x293.png 293w, https:\/\/summainferno.com\/wp-content\/uploads\/2024\/01\/image-60-390x390.png 390w, https:\/\/summainferno.com\/wp-content\/uploads\/2024\/01\/image-60-585x585.png 585w, https:\/\/summainferno.com\/wp-content\/uploads\/2024\/01\/image-60-900x900.png 900w, https:\/\/summainferno.com\/wp-content\/uploads\/2024\/01\/image-60-1400x1400.png 1400w, https:\/\/summainferno.com\/wp-content\/uploads\/2024\/01\/image-60-24x24.png 24w, https:\/\/summainferno.com\/wp-content\/uploads\/2024\/01\/image-60-160x160.png 160w, https:\/\/summainferno.com\/wp-content\/uploads\/2024\/01\/image-60-586x586.png 586w, https:\/\/summainferno.com\/wp-content\/uploads\/2024\/01\/image-60-780x780.png 780w, https:\/\/summainferno.com\/wp-content\/uploads\/2024\/01\/image-60-1170x1170.png 1170w, https:\/\/summainferno.com\/wp-content\/uploads\/2024\/01\/image-60-200x200.png 200w, https:\/\/summainferno.com\/wp-content\/uploads\/2024\/01\/image-60-600x600.png 600w, https:\/\/summainferno.com\/wp-content\/uploads\/2024\/01\/image-60.png 1500w\" sizes=\"auto, (max-width: 1024px) 100vw, 1024px\" \/><noscript><img decoding=\"async\" width=\"1024\" height=\"1024\" src=\"https:\/\/summainferno.com\/wp-content\/uploads\/2024\/01\/image-60-1024x1024.png\" alt=\"\" class=\"wp-image-56717\" title=\"\" srcset=\"https:\/\/summainferno.com\/wp-content\/uploads\/2024\/01\/image-60-1024x1024.png 1024w, https:\/\/summainferno.com\/wp-content\/uploads\/2024\/01\/image-60-300x300.png 300w, https:\/\/summainferno.com\/wp-content\/uploads\/2024\/01\/image-60-100x100.png 100w, https:\/\/summainferno.com\/wp-content\/uploads\/2024\/01\/image-60-770x770.png 770w, https:\/\/summainferno.com\/wp-content\/uploads\/2024\/01\/image-60-12x12.png 12w, https:\/\/summainferno.com\/wp-content\/uploads\/2024\/01\/image-60-80x80.png 80w, https:\/\/summainferno.com\/wp-content\/uploads\/2024\/01\/image-60-293x293.png 293w, https:\/\/summainferno.com\/wp-content\/uploads\/2024\/01\/image-60-390x390.png 390w, https:\/\/summainferno.com\/wp-content\/uploads\/2024\/01\/image-60-585x585.png 585w, https:\/\/summainferno.com\/wp-content\/uploads\/2024\/01\/image-60-900x900.png 900w, https:\/\/summainferno.com\/wp-content\/uploads\/2024\/01\/image-60-1400x1400.png 1400w, https:\/\/summainferno.com\/wp-content\/uploads\/2024\/01\/image-60-24x24.png 24w, https:\/\/summainferno.com\/wp-content\/uploads\/2024\/01\/image-60-160x160.png 160w, https:\/\/summainferno.com\/wp-content\/uploads\/2024\/01\/image-60-586x586.png 586w, https:\/\/summainferno.com\/wp-content\/uploads\/2024\/01\/image-60-780x780.png 780w, https:\/\/summainferno.com\/wp-content\/uploads\/2024\/01\/image-60-1170x1170.png 1170w, https:\/\/summainferno.com\/wp-content\/uploads\/2024\/01\/image-60-200x200.png 200w, https:\/\/summainferno.com\/wp-content\/uploads\/2024\/01\/image-60-600x600.png 600w, https:\/\/summainferno.com\/wp-content\/uploads\/2024\/01\/image-60.png 1500w\" sizes=\"(max-width: 1024px) 100vw, 1024px\" \/><\/noscript><\/figure>","protected":false},"excerpt":{"rendered":"<p>Los alemanes Leave&#8217;s Eyes han estrenado el video oficial de su nuevo sencillo, &#8216;Realm of Dark Waves&#8217;, nueva entrega promocional de su noveno \u00e1lbum de estudio, &#8216;Myths Of Fate&#8216;, que estar\u00e1 disponible a partir del 22 de marzo a trav\u00e9s de AFM Records. El video es obra del mandam\u00e1s de la banda, Alexander Krull y puedes verlo a continuaci\u00f3n.<\/p>","protected":false},"author":1,"featured_media":56718,"comment_status":"open","ping_status":"open","sticky":false,"template":"","format":"standard","meta":{"footnotes":""},"categories":[260,1736],"tags":[685],"class_list":["post-56715","post","type-post","status-publish","format-standard","has-post-thumbnail","hentry","category-new","category-viking-metal","tag-leaves-eyes"],"_links":{"self":[{"href":"https:\/\/summainferno.com\/en\/wp-json\/wp\/v2\/posts\/56715","targetHints":{"allow":["GET"]}}],"collection":[{"href":"https:\/\/summainferno.com\/en\/wp-json\/wp\/v2\/posts"}],"about":[{"href":"https:\/\/summainferno.com\/en\/wp-json\/wp\/v2\/types\/post"}],"author":[{"embeddable":true,"href":"https:\/\/summainferno.com\/en\/wp-json\/wp\/v2\/users\/1"}],"replies":[{"embeddable":true,"href":"https:\/\/summainferno.com\/en\/wp-json\/wp\/v2\/comments?post=56715"}],"version-history":[{"count":1,"href":"https:\/\/summainferno.com\/en\/wp-json\/wp\/v2\/posts\/56715\/revisions"}],"predecessor-version":[{"id":56719,"href":"https:\/\/summainferno.com\/en\/wp-json\/wp\/v2\/posts\/56715\/revisions\/56719"}],"wp:featuredmedia":[{"embeddable":true,"href":"https:\/\/summainferno.com\/en\/wp-json\/wp\/v2\/media\/56718"}],"wp:attachment":[{"href":"https:\/\/summainferno.com\/en\/wp-json\/wp\/v2\/media?parent=56715"}],"wp:term":[{"taxonomy":"category","embeddable":true,"href":"https:\/\/summainferno.com\/en\/wp-json\/wp\/v2\/categories?post=56715"},{"taxonomy":"post_tag","embeddable":true,"href":"https:\/\/summainferno.com\/en\/wp-json\/wp\/v2\/tags?post=56715"}],"curies":[{"name":"wp","href":"https:\/\/api.w.org\/{rel}","templated":true}]}}