{"id":55128,"date":"2023-11-25T11:48:01","date_gmt":"2023-11-25T17:48:01","guid":{"rendered":"https:\/\/summainferno.com\/?p=55128"},"modified":"2023-11-25T11:48:32","modified_gmt":"2023-11-25T17:48:32","slug":"helloween-entra-al-estudio-de-grabacion","status":"publish","type":"post","link":"https:\/\/summainferno.com\/en\/helloween-entra-al-estudio-de-grabacion\/","title":{"rendered":"Helloween ya trabaja en un nuevo \u00e1lbum de estudio"},"content":{"rendered":"<p>Luego de estar a\u00f1o y medio de gira tras el final de la pandemia, finalmente <strong>Helloween<\/strong> cerr\u00f3 su extensa gira mundial en Hell and Heaven Open Air de M\u00e9xico hace algunas semanas y ahora se est\u00e1n concentrando en un nuevo \u00e1lbum de estudio.<\/p>\n\n\n\n<p>&#8220;\u00a1Qu\u00e9 gran viaje! Esta gira mundial fue algo especial para todos nosotros &#8211; reunirnos con todos nuestros fans despu\u00e9s de una larga espera &#8211; \u00a1una sensaci\u00f3n que todos extra\u00f1amos mucho! Disfrutamos de todos los conciertos, nuestros fans fueron excelentes y nos otorgaron \u00fanicamente momentos sorprendentemente felices que llevaron a una cohesi\u00f3n a\u00fan m\u00e1s fuerte de la banda. \u00a1Personalmente, ya no puedo imaginarme hacer esto sin Michi y Kai! Y ahora estamos ansiosos por nuestro pr\u00f3ximo \u00e1lbum de estudio con la inercia incre\u00edble que tenemos ahora&#8221;, dice <strong>Andi Deris<\/strong>.<\/p>\n\n\n\n<p>&#8220;\u00a1Wow, qu\u00e9 gira tan incre\u00edble una vez m\u00e1s! He conocido a tanta gente maravillosa, y la atm\u00f3sfera durante nuestros conciertos se ha llenado de amor y energ\u00eda. \u00a1Cada gira me brinda una experiencia satisfactoria y de crecimiento constante! Mucho amor a todos los fans&#8221;. \u00a1Nuestro equipo de trabajo, nuestro dedicado management y mis talentosos compa\u00f1eros de banda!&#8221;, coment\u00f3 <strong>Sascha Gerstner<\/strong>.<\/p>\n\n\n\n<p>Ahora, la banda se encuentra trabajando en el proceso de composici\u00f3n y producci\u00f3n de su nuevo \u00e1lbum de estudio, el segundo en esta nueva era para <strong>Helloween<\/strong>. Por ahora, no hay m\u00e1s detalles.<\/p>","protected":false},"excerpt":{"rendered":"<p>Luego de estar a\u00f1o y medio de gira tras el final de la pandemia, finalmente Helloween cerr\u00f3 su extensa gira mundial en Hell and Heaven Open Air de M\u00e9xico hace algunas semanas y ahora se est\u00e1n concentrando en un nuevo \u00e1lbum de estudio. &#8220;\u00a1Qu\u00e9 gran viaje! Esta gira mundial fue algo especial para todos nosotros &#8211; reunirnos con todos nuestros fans despu\u00e9s de una larga espera &#8211; \u00a1una sensaci\u00f3n que todos extra\u00f1amos mucho! Disfrutamos de todos los conciertos, nuestros fans [&hellip;]<\/p>\n","protected":false},"author":1,"featured_media":52599,"comment_status":"open","ping_status":"open","sticky":false,"template":"","format":"standard","meta":{"footnotes":""},"categories":[111,260,1349],"tags":[1138],"class_list":["post-55128","post","type-post","status-publish","format-standard","has-post-thumbnail","hentry","category-destacado","category-new","category-power-metal","tag-helloween"],"_links":{"self":[{"href":"https:\/\/summainferno.com\/en\/wp-json\/wp\/v2\/posts\/55128","targetHints":{"allow":["GET"]}}],"collection":[{"href":"https:\/\/summainferno.com\/en\/wp-json\/wp\/v2\/posts"}],"about":[{"href":"https:\/\/summainferno.com\/en\/wp-json\/wp\/v2\/types\/post"}],"author":[{"embeddable":true,"href":"https:\/\/summainferno.com\/en\/wp-json\/wp\/v2\/users\/1"}],"replies":[{"embeddable":true,"href":"https:\/\/summainferno.com\/en\/wp-json\/wp\/v2\/comments?post=55128"}],"version-history":[{"count":2,"href":"https:\/\/summainferno.com\/en\/wp-json\/wp\/v2\/posts\/55128\/revisions"}],"predecessor-version":[{"id":55130,"href":"https:\/\/summainferno.com\/en\/wp-json\/wp\/v2\/posts\/55128\/revisions\/55130"}],"wp:featuredmedia":[{"embeddable":true,"href":"https:\/\/summainferno.com\/en\/wp-json\/wp\/v2\/media\/52599"}],"wp:attachment":[{"href":"https:\/\/summainferno.com\/en\/wp-json\/wp\/v2\/media?parent=55128"}],"wp:term":[{"taxonomy":"category","embeddable":true,"href":"https:\/\/summainferno.com\/en\/wp-json\/wp\/v2\/categories?post=55128"},{"taxonomy":"post_tag","embeddable":true,"href":"https:\/\/summainferno.com\/en\/wp-json\/wp\/v2\/tags?post=55128"}],"curies":[{"name":"wp","href":"https:\/\/api.w.org\/{rel}","templated":true}]}}