{"id":54210,"date":"2023-08-31T10:17:58","date_gmt":"2023-08-31T16:17:58","guid":{"rendered":"https:\/\/summainferno.com\/?p=54210"},"modified":"2024-02-19T10:24:42","modified_gmt":"2024-02-19T16:24:42","slug":"epica-estrena-video-beyond-the-matrix-live-at-the-afas-live","status":"publish","type":"post","link":"https:\/\/summainferno.com\/en\/epica-estrena-video-beyond-the-matrix-live-at-the-afas-live\/","title":{"rendered":"Epica estrena video, &#8216;Beyond The Matrix (Live At The AFAS Live)&#8217;"},"content":{"rendered":"<p>El 6 de octubre, el nuevo EP digital de&nbsp;<strong>EPICA<\/strong>,&nbsp;<strong>&#8216;Live At AFAS Live&#8217;<\/strong>, finalmente estar\u00e1 disponible y hoy la banda presenta otro videoclip del tema&nbsp;<em>&#8216;Beyond The Matrix&#8217;<\/em>.<\/p>\n\n\n\n<p><strong>Coen Janssen<\/strong>&nbsp;comenta:&nbsp;<em>&#8220;\u00a1Esta es nuestra pista en vivo &#8216;definitiva&#8217;! Todav\u00eda no hemos encontrado un p\u00fablico que no haya saltado durante el coro. \u00bfTe imaginas lo incre\u00edble que fue ver a todos los AFAS saltar simult\u00e1neamente? \u00a1\u00a1Una hermosa vista para terminar el espect\u00e1culo lleno de adrenalina!!<\/em>&#8220;<\/p>\n\n\n\n<figure class=\"wp-block-embed alignwide is-type-video is-provider-youtube wp-block-embed-youtube wp-embed-aspect-16-9 wp-has-aspect-ratio\"><div class=\"wp-block-embed__wrapper\">\n<iframe class=\"zeen-lazy-load-base zeen-lazy-load\" title=\"EPICA - Beyond The Matrix (Live At The AFAS Live) - Official Live Video\" width=\"1200\" height=\"675\" src=\"about:blank\" data-lazy-src=\"https:\/\/www.youtube.com\/embed\/tA3P5vXDVaU?feature=oembed\" frameborder=\"0\" allow=\"accelerometer; autoplay; clipboard-write; encrypted-media; gyroscope; picture-in-picture; web-share\" allowfullscreen><\/iframe><noscript><iframe title=\"EPICA - Beyond The Matrix (Live At The AFAS Live) - Official Live Video\" width=\"1200\" height=\"675\" src=\"https:\/\/www.youtube.com\/embed\/tA3P5vXDVaU?feature=oembed\" frameborder=\"0\" allow=\"accelerometer; autoplay; clipboard-write; encrypted-media; gyroscope; picture-in-picture; web-share\" allowfullscreen><\/iframe><\/noscript>\n<\/div><\/figure>\n\n\n\n<p>Para aquellos que no quieran esperar un mes m\u00e1s para disfrutar de los videos en vivo del show m\u00e1s grande que la banda ha presentado en su propio pa\u00eds hasta el momento, ya pueden sintonizar la nueva plataforma de streaming de heavy metal,&nbsp;<strong>Thunderflix<\/strong>, donde ya puedes ver <strong>Omega Alive<\/strong>.<\/p>\n\n\n\n<figure class=\"wp-block-image size-full\"><img decoding=\"async\" width=\"840\" height=\"840\" loading=\"lazy\" src=\"https:\/\/summainferno.com\/wp-content\/uploads\/2023\/08\/image-112.png\" alt=\"\" class=\"wp-image-54213\" title=\"\" srcset=\"https:\/\/summainferno.com\/wp-content\/uploads\/2023\/08\/image-112.png 840w, https:\/\/summainferno.com\/wp-content\/uploads\/2023\/08\/image-112-300x300.png 300w, https:\/\/summainferno.com\/wp-content\/uploads\/2023\/08\/image-112-150x150.png 150w, https:\/\/summainferno.com\/wp-content\/uploads\/2023\/08\/image-112-768x768.png 768w, https:\/\/summainferno.com\/wp-content\/uploads\/2023\/08\/image-112-80x80.png 80w, https:\/\/summainferno.com\/wp-content\/uploads\/2023\/08\/image-112-110x110.png 110w, https:\/\/summainferno.com\/wp-content\/uploads\/2023\/08\/image-112-380x380.png 380w, https:\/\/summainferno.com\/wp-content\/uploads\/2023\/08\/image-112-800x800.png 800w, https:\/\/summainferno.com\/wp-content\/uploads\/2023\/08\/image-112-24x24.png 24w, https:\/\/summainferno.com\/wp-content\/uploads\/2023\/08\/image-112-48x48.png 48w, https:\/\/summainferno.com\/wp-content\/uploads\/2023\/08\/image-112-96x96.png 96w, https:\/\/summainferno.com\/wp-content\/uploads\/2023\/08\/image-112-160x160.png 160w, https:\/\/summainferno.com\/wp-content\/uploads\/2023\/08\/image-112-220x220.png 220w, https:\/\/summainferno.com\/wp-content\/uploads\/2023\/08\/image-112-760x760.png 760w, https:\/\/summainferno.com\/wp-content\/uploads\/2023\/08\/image-112-192x192.png 192w, https:\/\/summainferno.com\/wp-content\/uploads\/2023\/08\/image-112-600x600.png 600w\" sizes=\"auto, (max-width: 840px) 100vw, 840px\" \/><noscript><img decoding=\"async\" width=\"840\" height=\"840\" src=\"https:\/\/summainferno.com\/wp-content\/uploads\/2023\/08\/image-112.png\" alt=\"\" class=\"wp-image-54213\" title=\"\" srcset=\"https:\/\/summainferno.com\/wp-content\/uploads\/2023\/08\/image-112.png 840w, https:\/\/summainferno.com\/wp-content\/uploads\/2023\/08\/image-112-300x300.png 300w, https:\/\/summainferno.com\/wp-content\/uploads\/2023\/08\/image-112-150x150.png 150w, https:\/\/summainferno.com\/wp-content\/uploads\/2023\/08\/image-112-768x768.png 768w, https:\/\/summainferno.com\/wp-content\/uploads\/2023\/08\/image-112-80x80.png 80w, https:\/\/summainferno.com\/wp-content\/uploads\/2023\/08\/image-112-110x110.png 110w, https:\/\/summainferno.com\/wp-content\/uploads\/2023\/08\/image-112-380x380.png 380w, https:\/\/summainferno.com\/wp-content\/uploads\/2023\/08\/image-112-800x800.png 800w, https:\/\/summainferno.com\/wp-content\/uploads\/2023\/08\/image-112-24x24.png 24w, https:\/\/summainferno.com\/wp-content\/uploads\/2023\/08\/image-112-48x48.png 48w, https:\/\/summainferno.com\/wp-content\/uploads\/2023\/08\/image-112-96x96.png 96w, https:\/\/summainferno.com\/wp-content\/uploads\/2023\/08\/image-112-160x160.png 160w, https:\/\/summainferno.com\/wp-content\/uploads\/2023\/08\/image-112-220x220.png 220w, https:\/\/summainferno.com\/wp-content\/uploads\/2023\/08\/image-112-760x760.png 760w, https:\/\/summainferno.com\/wp-content\/uploads\/2023\/08\/image-112-192x192.png 192w, https:\/\/summainferno.com\/wp-content\/uploads\/2023\/08\/image-112-600x600.png 600w\" sizes=\"(max-width: 840px) 100vw, 840px\" \/><\/noscript><\/figure>","protected":false},"excerpt":{"rendered":"<p>El 6 de octubre, el nuevo EP digital de&nbsp;EPICA,&nbsp;&#8216;Live At AFAS Live&#8217;, finalmente estar\u00e1 disponible y hoy la banda presenta otro videoclip del tema&nbsp;&#8216;Beyond The Matrix&#8217;. Coen Janssen&nbsp;comenta:&nbsp;&#8220;\u00a1Esta es nuestra pista en vivo &#8216;definitiva&#8217;! Todav\u00eda no hemos encontrado un p\u00fablico que no haya saltado durante el coro. \u00bfTe imaginas lo incre\u00edble que fue ver a todos los AFAS saltar simult\u00e1neamente? \u00a1\u00a1Una hermosa vista para terminar el espect\u00e1culo lleno de adrenalina!!&#8220; Para aquellos que no quieran esperar un mes m\u00e1s para [&hellip;]<\/p>\n","protected":false},"author":1,"featured_media":39099,"comment_status":"open","ping_status":"open","sticky":false,"template":"","format":"standard","meta":{"footnotes":""},"categories":[260,1267],"tags":[537],"class_list":["post-54210","post","type-post","status-publish","format-standard","has-post-thumbnail","hentry","category-new","category-symphonic-metal","tag-epica"],"_links":{"self":[{"href":"https:\/\/summainferno.com\/en\/wp-json\/wp\/v2\/posts\/54210","targetHints":{"allow":["GET"]}}],"collection":[{"href":"https:\/\/summainferno.com\/en\/wp-json\/wp\/v2\/posts"}],"about":[{"href":"https:\/\/summainferno.com\/en\/wp-json\/wp\/v2\/types\/post"}],"author":[{"embeddable":true,"href":"https:\/\/summainferno.com\/en\/wp-json\/wp\/v2\/users\/1"}],"replies":[{"embeddable":true,"href":"https:\/\/summainferno.com\/en\/wp-json\/wp\/v2\/comments?post=54210"}],"version-history":[{"count":2,"href":"https:\/\/summainferno.com\/en\/wp-json\/wp\/v2\/posts\/54210\/revisions"}],"predecessor-version":[{"id":57461,"href":"https:\/\/summainferno.com\/en\/wp-json\/wp\/v2\/posts\/54210\/revisions\/57461"}],"wp:featuredmedia":[{"embeddable":true,"href":"https:\/\/summainferno.com\/en\/wp-json\/wp\/v2\/media\/39099"}],"wp:attachment":[{"href":"https:\/\/summainferno.com\/en\/wp-json\/wp\/v2\/media?parent=54210"}],"wp:term":[{"taxonomy":"category","embeddable":true,"href":"https:\/\/summainferno.com\/en\/wp-json\/wp\/v2\/categories?post=54210"},{"taxonomy":"post_tag","embeddable":true,"href":"https:\/\/summainferno.com\/en\/wp-json\/wp\/v2\/tags?post=54210"}],"curies":[{"name":"wp","href":"https:\/\/api.w.org\/{rel}","templated":true}]}}