{"id":5415,"date":"2014-08-14T10:00:48","date_gmt":"2014-08-14T15:00:48","guid":{"rendered":"http:\/\/summainferno.com\/?p=5415"},"modified":"2014-08-14T10:00:48","modified_gmt":"2014-08-14T15:00:48","slug":"black-label-society-llegara-a-mexico-con-sus-catacumbas-del-vaticano-negro","status":"publish","type":"post","link":"https:\/\/summainferno.com\/en\/black-label-society-llegara-a-mexico-con-sus-catacumbas-del-vaticano-negro\/","title":{"rendered":"BLACK LABEL SOCIETY llegar\u00e1 a M\u00e9xico con sus &#8216;Catacumbas del Vaticano Negro&#8217;."},"content":{"rendered":"<hr \/>\n<p>En tan solo unos dias, <strong>Zakk Wylde<\/strong>\u00a0y compa\u00f1ia volver\u00e1n a pisar suelo mexicano para presentarse en\u00a0el <strong>Jos\u00e9 Cuervo Sal\u00f3n\u00a0<\/strong>este 20 de Agosto.<\/p>\n<p><strong>Black Label Society<\/strong> viene a presentar su nuevo \u00e1lbum <em>&#8216;Catacombs of the Black Vatican&#8217;<\/em> tras casi 4 a\u00f1os de ausencia en nuestro pa\u00eds.<\/p>\n<p>Los boletos para el show est\u00e1n a la venta a trav\u00e9s del sistema <a href=\"http:\/\/www.ticketmaster.com.mx\/black-label-society-mexico-distrito-federal-20-08-2014\/event\/14004C82D924EBA6\" target=\"_blank\" rel=\"noopener\">Ticketmaster<\/a> y en las taquillas del recinto, en $550.00 [General] y $600.00 [Balc\u00f3n]<\/p>\n<p>&nbsp;<\/p>\n<hr \/>\n<p><a href=\"http:\/\/summainferno.com\/wp-content\/uploads\/2014\/08\/10253891_1443054602601674_6896891346191566872_n.jpg\"><img decoding=\"async\" loading=\"lazy\" class=\"aligncenter wp-image-5416 size-full\" src=\"http:\/\/summainferno.com\/wp-content\/uploads\/2014\/08\/10253891_1443054602601674_6896891346191566872_n.jpg\" alt=\"10253891_1443054602601674_6896891346191566872_n\" width=\"531\" height=\"850\" title=\"\"><noscript><img decoding=\"async\" class=\"aligncenter wp-image-5416 size-full\" src=\"http:\/\/summainferno.com\/wp-content\/uploads\/2014\/08\/10253891_1443054602601674_6896891346191566872_n.jpg\" alt=\"10253891_1443054602601674_6896891346191566872_n\" width=\"531\" height=\"850\" title=\"\"><\/noscript><\/a><\/p>\n<p>&nbsp;<\/p>\n<p><center><script>\/\/ <![CDATA[\ngoogle_ad_client = \"ca-pub-8282788028445307\"; \/* Summa News *\/ google_ad_slot = \"6232665367\"; google_ad_width = 728; google_ad_height = 90;\n\/\/ ]]><\/script><br \/>\n<script src=\"\/\/pagead2.googlesyndication.com\/pagead\/show_ads.js\">\/\/ <![CDATA[\n\n\n\/\/ ]]><\/script><\/center>&nbsp;<\/p>\n","protected":false},"excerpt":{"rendered":"<p>En tan solo unos dias, Zakk Wylde\u00a0y compa\u00f1ia volver\u00e1n a pisar suelo mexicano para presentarse en\u00a0el Jos\u00e9 Cuervo Sal\u00f3n\u00a0este 20 de Agosto. Black Label Society viene a presentar su nuevo \u00e1lbum &#8216;Catacombs of the Black Vatican&#8217; tras casi 4 a\u00f1os de ausencia en nuestro pa\u00eds. Los boletos para el show est\u00e1n a la venta a trav\u00e9s del sistema Ticketmaster y en las taquillas del recinto, en $550.00 [General] y $600.00 [Balc\u00f3n] &nbsp; &nbsp; &nbsp;<\/p>\n","protected":false},"author":1,"featured_media":5417,"comment_status":"open","ping_status":"open","sticky":false,"template":"","format":"standard","meta":{"footnotes":""},"categories":[111,31],"tags":[732,25,274],"class_list":["post-5415","post","type-post","status-publish","format-standard","has-post-thumbnail","hentry","category-destacado","category-metal","tag-black-label-society","tag-mexico","tag-zakk-wylde"],"_links":{"self":[{"href":"https:\/\/summainferno.com\/en\/wp-json\/wp\/v2\/posts\/5415","targetHints":{"allow":["GET"]}}],"collection":[{"href":"https:\/\/summainferno.com\/en\/wp-json\/wp\/v2\/posts"}],"about":[{"href":"https:\/\/summainferno.com\/en\/wp-json\/wp\/v2\/types\/post"}],"author":[{"embeddable":true,"href":"https:\/\/summainferno.com\/en\/wp-json\/wp\/v2\/users\/1"}],"replies":[{"embeddable":true,"href":"https:\/\/summainferno.com\/en\/wp-json\/wp\/v2\/comments?post=5415"}],"version-history":[{"count":0,"href":"https:\/\/summainferno.com\/en\/wp-json\/wp\/v2\/posts\/5415\/revisions"}],"wp:featuredmedia":[{"embeddable":true,"href":"https:\/\/summainferno.com\/en\/wp-json\/"}],"wp:attachment":[{"href":"https:\/\/summainferno.com\/en\/wp-json\/wp\/v2\/media?parent=5415"}],"wp:term":[{"taxonomy":"category","embeddable":true,"href":"https:\/\/summainferno.com\/en\/wp-json\/wp\/v2\/categories?post=5415"},{"taxonomy":"post_tag","embeddable":true,"href":"https:\/\/summainferno.com\/en\/wp-json\/wp\/v2\/tags?post=5415"}],"curies":[{"name":"wp","href":"https:\/\/api.w.org\/{rel}","templated":true}]}}