{"id":53510,"date":"2023-07-31T18:41:03","date_gmt":"2023-08-01T00:41:03","guid":{"rendered":"https:\/\/summainferno.com\/?p=53510"},"modified":"2023-07-31T18:41:05","modified_gmt":"2023-08-01T00:41:05","slug":"las-cenizas-de-lemmy-kilmister-reposaran-en-wacken","status":"publish","type":"post","link":"https:\/\/summainferno.com\/en\/las-cenizas-de-lemmy-kilmister-reposaran-en-wacken\/","title":{"rendered":"Las cenizas de Lemmy Kilmister reposar\u00e1n en Wacken"},"content":{"rendered":"\n<p>Como parte del evento <em>&#8216;Lemmy Forever&#8217;<\/em> que celebrar\u00e1 la vida y obra del cantante de Mot\u00f6rhead, <strong>Lemmy Kilmister<\/strong>, el festival alem\u00e1n <strong>Wacken Open Air <\/strong>tendr\u00e1 una ceremonia donde exhibir\u00e1 las cenizas del fallecido m\u00fasico, el mi\u00e9rcoles 2 de agosto. El evento contar\u00e1 con la presencia de <strong>Phil Campbell <\/strong>y <strong>Mikkey Dee<\/strong>.<\/p>\n\n\n\n<p>\u201cEl mi\u00e9rcoles, hemos preparado una sorpresa grandiosa: En el transcurso del evento especial &#8216;Lemmy Forever&#8217;, tendremos una ceremonia que contar\u00e1 con la presencia de las leyendas de Mot\u00f6rhead, Phil Campbell y Mikkey Dee. \u00a1Las cenizas de Lemmy tendr\u00e1n un nuevo hogar en Wacken!\u201d, dice un comunicado del festival.<\/p>\n\n\n\n<p>Uno de los organizadores del festival, Holger H\u00fcbner coment\u00f3, &#8220;Siempre ha habido una conexi\u00f3n especial entre Mot\u00f6rhead y Wacken Open Air; casi ninguna banda ha tocado aqu\u00ed m\u00e1s que ellos. El hecho de que su viaje tambi\u00e9n termine aqu\u00ed tendr\u00e1 para siempre un significado especial.&#8221;<\/p>\n\n\n\n<p>[powerkit_posts]<\/p>\n\n\n\n<p>&#8220;Wacken fue uno de los lugares m\u00e1s amados por Lemmy y estamos encantados de que tenga un lugar aqu\u00ed para siempre. Era un hombre del pueblo y, como tal, &#8216;viv\u00eda&#8217; en muchos lugares del mundo. Nuestro objetivo es permitirle descansar permanentemente en todos sus &#8216;hogares&#8217; a nivel mundial y permitir que sus fans en todo el mundo tengan un lugar cerca de ellos donde puedan presentar sus respetos y celebrar su enorme legado e influencia continuos.&#8221;, dijo el manager de la banda, Todd Singerman.<\/p>\n\n\n\n<p><strong>Lemmy Kilmister<\/strong> muri\u00f3 el 28 de diciembre de 2015 en Los \u00c1ngeles, California, apenas unos d\u00edas despu\u00e9s de haber sido diagnosticado un agresivo tipo de c\u00e1ncer de pr\u00f3stata.<\/p>\n","protected":false},"excerpt":{"rendered":"<p>Como parte del evento &#8216;Lemmy Forever&#8217; que celebrar\u00e1 la vida y obra del cantante de Mot\u00f6rhead, Lemmy Kilmister, el festival alem\u00e1n Wacken Open Air tendr\u00e1 una ceremonia donde exhibir\u00e1 las cenizas del fallecido m\u00fasico, el mi\u00e9rcoles 2 de agosto. El evento contar\u00e1 con la presencia de Phil Campbell y Mikkey Dee. \u201cEl mi\u00e9rcoles, hemos preparado una sorpresa grandiosa: En el transcurso del evento especial &#8216;Lemmy Forever&#8217;, tendremos una ceremonia que contar\u00e1 con la presencia de las leyendas de Mot\u00f6rhead, Phil [&hellip;]<\/p>\n","protected":false},"author":1,"featured_media":53511,"comment_status":"open","ping_status":"open","sticky":false,"template":"","format":"standard","meta":{"footnotes":""},"categories":[111,171,260],"tags":[497,3362],"class_list":["post-53510","post","type-post","status-publish","format-standard","has-post-thumbnail","hentry","category-destacado","category-heavy-metal","category-new","tag-lemmy-kilmister","tag-motorhead-2"],"_links":{"self":[{"href":"https:\/\/summainferno.com\/en\/wp-json\/wp\/v2\/posts\/53510","targetHints":{"allow":["GET"]}}],"collection":[{"href":"https:\/\/summainferno.com\/en\/wp-json\/wp\/v2\/posts"}],"about":[{"href":"https:\/\/summainferno.com\/en\/wp-json\/wp\/v2\/types\/post"}],"author":[{"embeddable":true,"href":"https:\/\/summainferno.com\/en\/wp-json\/wp\/v2\/users\/1"}],"replies":[{"embeddable":true,"href":"https:\/\/summainferno.com\/en\/wp-json\/wp\/v2\/comments?post=53510"}],"version-history":[{"count":2,"href":"https:\/\/summainferno.com\/en\/wp-json\/wp\/v2\/posts\/53510\/revisions"}],"predecessor-version":[{"id":53513,"href":"https:\/\/summainferno.com\/en\/wp-json\/wp\/v2\/posts\/53510\/revisions\/53513"}],"wp:featuredmedia":[{"embeddable":true,"href":"https:\/\/summainferno.com\/en\/wp-json\/wp\/v2\/media\/53511"}],"wp:attachment":[{"href":"https:\/\/summainferno.com\/en\/wp-json\/wp\/v2\/media?parent=53510"}],"wp:term":[{"taxonomy":"category","embeddable":true,"href":"https:\/\/summainferno.com\/en\/wp-json\/wp\/v2\/categories?post=53510"},{"taxonomy":"post_tag","embeddable":true,"href":"https:\/\/summainferno.com\/en\/wp-json\/wp\/v2\/tags?post=53510"}],"curies":[{"name":"wp","href":"https:\/\/api.w.org\/{rel}","templated":true}]}}