{"id":53493,"date":"2023-07-29T19:23:16","date_gmt":"2023-07-30T01:23:16","guid":{"rendered":"https:\/\/summainferno.com\/?p=53493"},"modified":"2023-07-29T19:23:18","modified_gmt":"2023-07-30T01:23:18","slug":"anti-flag-habla-sobre-su-separacion-era-la-unica-alternativa","status":"publish","type":"post","link":"https:\/\/summainferno.com\/en\/anti-flag-habla-sobre-su-separacion-era-la-unica-alternativa\/","title":{"rendered":"Anti-Flag habla sobre su separaci\u00f3n, &#8220;era la \u00fanica alternativa&#8221;"},"content":{"rendered":"\n<p>Luego de anunciar de forma abrupta su disoluci\u00f3n como banda hace unos d\u00edas, <strong>Anti-Flag <\/strong>ha declarado sobre las causas, confirmando que est\u00e1 relacionado a las acusaciones de supuesto abuso sexual por parte del cantante,<strong> Jason Sane<\/strong>.<\/p>\n\n\n\n<p><em>&#8220;Un principio fundamentad de Anti-Flag era escuchar y creer a todos los sobrevivientes de violencia y abuso sexual. Las recientes acusaciones sobre Justin entran en total en contradicci\u00f3n con ese principio, por lo tanto, la \u00fanica soluci\u00f3n inmediata era disolver la banda&#8221;<\/em>, escribieron en un comunicado. <em>&#8220;Estamos conmocionados, confundidos, tristes y absolutamente inconsolables desde el momento en que escuchamos estas acusaciones. Si bien creemos que esto es extremadamente grave, en los \u00faltimos 30 a\u00f1os nunca hemos visto a Justin ser violento o agresivo con las mujeres. Esta experiencia nos ha sacudido hasta la m\u00e9dula. Fue un privilegio para nosotros formar parte de Anti-Flag. Mientras buscamos nuestro camino a seguir, deseamos la sanaci\u00f3n de todos los sobrevivientes.&#8221;<\/em><\/p>\n\n\n\n<p>[powerkit_posts]<\/p>\n\n\n\n<p>Hace unas semanas, una mujer acus\u00f3 a un &#8220;cantante de una conocida banda punk&#8221; de haberla agredido sexualmente. Aunque no mencion\u00f3 nombres, inmediatamente los dedos apuntaron hacia <strong>Justin Sane<\/strong>, quien neg\u00f3 todas las acusaciones.<\/p>\n\n\n\n<p><em>&#8220;Recientemente, se han presentado denuncias de agresi\u00f3n sexual en mi contra; puedo asegurar que todas esas historias son falsas. Jam\u00e1s me he involucrado en una relaci\u00f3n sexual que no haya sido consensuada, y jam\u00e1s una mujer se me ha acercado despu\u00e9s de un encuentro sexual y me ha dicho que de alguna manera actu\u00e9 sin su consentimiento o que abus\u00e9 de ella de ninguna manera. Ahora que he tenido unos d\u00edas para absorber el impacto inicial, estoy haciendo esta declaraci\u00f3n para dejar las cosas claras&#8221;<\/em>, escribi\u00f3 Sane, <em>&#8220;He dedicado toda mi vida adulta a defender a estas v\u00edctimas, as\u00ed como a quienes sufren opresi\u00f3n y desigualdad, quienes son victimizados, degradados y abusados. Siempre he sido, y siempre ser\u00e9, esa persona. Las afirmaciones que se dicen sobre m\u00ed son la ant\u00edtesis de lo que creo y de c\u00f3mo me he comportado a lo largo de mi vida.&#8221;<\/em><\/p>\n","protected":false},"excerpt":{"rendered":"<p>Luego de anunciar de forma abrupta su disoluci\u00f3n como banda hace unos d\u00edas, Anti-Flag ha declarado sobre las causas, confirmando que est\u00e1 relacionado a las acusaciones de supuesto abuso sexual por parte del cantante, Jason Sane. &#8220;Un principio fundamentad de Anti-Flag era escuchar y creer a todos los sobrevivientes de violencia y abuso sexual. Las recientes acusaciones sobre Justin entran en total en contradicci\u00f3n con ese principio, por lo tanto, la \u00fanica soluci\u00f3n inmediata era disolver la banda&#8221;, escribieron en [&hellip;]<\/p>\n","protected":false},"author":1,"featured_media":53494,"comment_status":"open","ping_status":"open","sticky":false,"template":"","format":"standard","meta":{"footnotes":""},"categories":[260,1834],"tags":[4430],"class_list":["post-53493","post","type-post","status-publish","format-standard","has-post-thumbnail","hentry","category-new","category-punk-conciertos-resenas","tag-anti-flag-2"],"_links":{"self":[{"href":"https:\/\/summainferno.com\/en\/wp-json\/wp\/v2\/posts\/53493","targetHints":{"allow":["GET"]}}],"collection":[{"href":"https:\/\/summainferno.com\/en\/wp-json\/wp\/v2\/posts"}],"about":[{"href":"https:\/\/summainferno.com\/en\/wp-json\/wp\/v2\/types\/post"}],"author":[{"embeddable":true,"href":"https:\/\/summainferno.com\/en\/wp-json\/wp\/v2\/users\/1"}],"replies":[{"embeddable":true,"href":"https:\/\/summainferno.com\/en\/wp-json\/wp\/v2\/comments?post=53493"}],"version-history":[{"count":1,"href":"https:\/\/summainferno.com\/en\/wp-json\/wp\/v2\/posts\/53493\/revisions"}],"predecessor-version":[{"id":53495,"href":"https:\/\/summainferno.com\/en\/wp-json\/wp\/v2\/posts\/53493\/revisions\/53495"}],"wp:featuredmedia":[{"embeddable":true,"href":"https:\/\/summainferno.com\/en\/wp-json\/wp\/v2\/media\/53494"}],"wp:attachment":[{"href":"https:\/\/summainferno.com\/en\/wp-json\/wp\/v2\/media?parent=53493"}],"wp:term":[{"taxonomy":"category","embeddable":true,"href":"https:\/\/summainferno.com\/en\/wp-json\/wp\/v2\/categories?post=53493"},{"taxonomy":"post_tag","embeddable":true,"href":"https:\/\/summainferno.com\/en\/wp-json\/wp\/v2\/tags?post=53493"}],"curies":[{"name":"wp","href":"https:\/\/api.w.org\/{rel}","templated":true}]}}