{"id":53431,"date":"2023-07-25T15:52:39","date_gmt":"2023-07-25T21:52:39","guid":{"rendered":"https:\/\/summainferno.com\/?p=53431"},"modified":"2023-07-25T15:52:41","modified_gmt":"2023-07-25T21:52:41","slug":"einar-solberg-leprous-estrena-video-de-over-the-top","status":"publish","type":"post","link":"https:\/\/summainferno.com\/en\/einar-solberg-leprous-estrena-video-de-over-the-top\/","title":{"rendered":"Einar Solberg [Leprous] estrena video de &#8216;Over The Top&#8217;"},"content":{"rendered":"<p><strong>Einar Solberg<\/strong>singer of <strong>Leprous<\/strong> lanz\u00f3 su primer \u00e1lbum en solitario, &#8217;16&#8217;, el pasado mes de junio. El d\u00eda de hoy, Solberg present\u00f3 el video oficial de &#8216;Over The Top&#8217;, en una versi\u00f3n <em>a capella<\/em>.<\/p>\n\n\n\n<p>Puedes ver el video, grabado desde el estudio, a continuaci\u00f3n.<\/p>\n\n\n\n<figure class=\"wp-block-embed is-type-video is-provider-youtube wp-block-embed-youtube wp-embed-aspect-16-9 wp-has-aspect-ratio\"><div class=\"wp-block-embed__wrapper\">\n<iframe class=\"zeen-lazy-load-base zeen-lazy-load\" title=\"Einar Solberg - Over the Top (Sing Through)\" width=\"1200\" height=\"675\" src=\"about:blank\" data-lazy-src=\"https:\/\/www.youtube.com\/embed\/ceisJ8O3F1w?feature=oembed\" frameborder=\"0\" allow=\"accelerometer; autoplay; clipboard-write; encrypted-media; gyroscope; picture-in-picture; web-share\" allowfullscreen><\/iframe><noscript><iframe title=\"Einar Solberg - Over the Top (Sing Through)\" width=\"1200\" height=\"675\" src=\"https:\/\/www.youtube.com\/embed\/ceisJ8O3F1w?feature=oembed\" frameborder=\"0\" allow=\"accelerometer; autoplay; clipboard-write; encrypted-media; gyroscope; picture-in-picture; web-share\" allowfullscreen><\/iframe><\/noscript>\n<\/div><\/figure>\n\n\n\n<p class=\"is-style-cnvs-paragraph-callout has-secondary-background-color has-text-color has-background has-small-font-size\" style=\"color:#ac9449\">Puedes leer la entrevista exclusiva que tuvimos con Einar Solberg sobre &#8217;16&#8217;, <a href=\"https:\/\/summainferno.com\/no-es-dificil-sonar-genial-en-estos-dias-lo-dificil-es-sonar-unico-einar-solberg\/\">here<\/a>.<\/p>\n\n\n\n<figure class=\"wp-block-image size-full\"><img decoding=\"async\" width=\"1000\" height=\"1000\" loading=\"lazy\" src=\"https:\/\/summainferno.com\/wp-content\/uploads\/2023\/07\/image-33.png\" alt=\"\" class=\"wp-image-53434\" title=\"\" srcset=\"https:\/\/summainferno.com\/wp-content\/uploads\/2023\/07\/image-33.png 1000w, https:\/\/summainferno.com\/wp-content\/uploads\/2023\/07\/image-33-300x300.png 300w, https:\/\/summainferno.com\/wp-content\/uploads\/2023\/07\/image-33-150x150.png 150w, https:\/\/summainferno.com\/wp-content\/uploads\/2023\/07\/image-33-768x768.png 768w, https:\/\/summainferno.com\/wp-content\/uploads\/2023\/07\/image-33-80x80.png 80w, https:\/\/summainferno.com\/wp-content\/uploads\/2023\/07\/image-33-110x110.png 110w, https:\/\/summainferno.com\/wp-content\/uploads\/2023\/07\/image-33-380x380.png 380w, https:\/\/summainferno.com\/wp-content\/uploads\/2023\/07\/image-33-800x800.png 800w, https:\/\/summainferno.com\/wp-content\/uploads\/2023\/07\/image-33-24x24.png 24w, https:\/\/summainferno.com\/wp-content\/uploads\/2023\/07\/image-33-48x48.png 48w, https:\/\/summainferno.com\/wp-content\/uploads\/2023\/07\/image-33-96x96.png 96w, https:\/\/summainferno.com\/wp-content\/uploads\/2023\/07\/image-33-160x160.png 160w, https:\/\/summainferno.com\/wp-content\/uploads\/2023\/07\/image-33-220x220.png 220w, https:\/\/summainferno.com\/wp-content\/uploads\/2023\/07\/image-33-760x760.png 760w, https:\/\/summainferno.com\/wp-content\/uploads\/2023\/07\/image-33-192x192.png 192w, https:\/\/summainferno.com\/wp-content\/uploads\/2023\/07\/image-33-600x600.png 600w\" sizes=\"auto, (max-width: 1000px) 100vw, 1000px\" \/><noscript><img decoding=\"async\" width=\"1000\" height=\"1000\" src=\"https:\/\/summainferno.com\/wp-content\/uploads\/2023\/07\/image-33.png\" alt=\"\" class=\"wp-image-53434\" title=\"\" srcset=\"https:\/\/summainferno.com\/wp-content\/uploads\/2023\/07\/image-33.png 1000w, https:\/\/summainferno.com\/wp-content\/uploads\/2023\/07\/image-33-300x300.png 300w, https:\/\/summainferno.com\/wp-content\/uploads\/2023\/07\/image-33-150x150.png 150w, https:\/\/summainferno.com\/wp-content\/uploads\/2023\/07\/image-33-768x768.png 768w, https:\/\/summainferno.com\/wp-content\/uploads\/2023\/07\/image-33-80x80.png 80w, https:\/\/summainferno.com\/wp-content\/uploads\/2023\/07\/image-33-110x110.png 110w, https:\/\/summainferno.com\/wp-content\/uploads\/2023\/07\/image-33-380x380.png 380w, https:\/\/summainferno.com\/wp-content\/uploads\/2023\/07\/image-33-800x800.png 800w, https:\/\/summainferno.com\/wp-content\/uploads\/2023\/07\/image-33-24x24.png 24w, https:\/\/summainferno.com\/wp-content\/uploads\/2023\/07\/image-33-48x48.png 48w, https:\/\/summainferno.com\/wp-content\/uploads\/2023\/07\/image-33-96x96.png 96w, https:\/\/summainferno.com\/wp-content\/uploads\/2023\/07\/image-33-160x160.png 160w, https:\/\/summainferno.com\/wp-content\/uploads\/2023\/07\/image-33-220x220.png 220w, https:\/\/summainferno.com\/wp-content\/uploads\/2023\/07\/image-33-760x760.png 760w, https:\/\/summainferno.com\/wp-content\/uploads\/2023\/07\/image-33-192x192.png 192w, https:\/\/summainferno.com\/wp-content\/uploads\/2023\/07\/image-33-600x600.png 600w\" sizes=\"(max-width: 1000px) 100vw, 1000px\" \/><\/noscript><\/figure>","protected":false},"excerpt":{"rendered":"<p>Einar Solberg, cantante de Leprous lanz\u00f3 su primer \u00e1lbum en solitario, &#8217;16&#8217;, el pasado mes de junio. El d\u00eda de hoy, Solberg present\u00f3 el video oficial de &#8216;Over The Top&#8217;, en una versi\u00f3n a capella. Puedes ver el video, grabado desde el estudio, a continuaci\u00f3n. Puedes leer la entrevista exclusiva que tuvimos con Einar Solberg sobre &#8217;16&#8217;, aqu\u00ed.<\/p>","protected":false},"author":1,"featured_media":53433,"comment_status":"open","ping_status":"open","sticky":false,"template":"","format":"standard","meta":{"footnotes":""},"categories":[260,104],"tags":[3836,546],"class_list":["post-53431","post","type-post","status-publish","format-standard","has-post-thumbnail","hentry","category-new","category-rock-alternativo","tag-einar-solberg","tag-leprous"],"_links":{"self":[{"href":"https:\/\/summainferno.com\/en\/wp-json\/wp\/v2\/posts\/53431","targetHints":{"allow":["GET"]}}],"collection":[{"href":"https:\/\/summainferno.com\/en\/wp-json\/wp\/v2\/posts"}],"about":[{"href":"https:\/\/summainferno.com\/en\/wp-json\/wp\/v2\/types\/post"}],"author":[{"embeddable":true,"href":"https:\/\/summainferno.com\/en\/wp-json\/wp\/v2\/users\/1"}],"replies":[{"embeddable":true,"href":"https:\/\/summainferno.com\/en\/wp-json\/wp\/v2\/comments?post=53431"}],"version-history":[{"count":1,"href":"https:\/\/summainferno.com\/en\/wp-json\/wp\/v2\/posts\/53431\/revisions"}],"predecessor-version":[{"id":53435,"href":"https:\/\/summainferno.com\/en\/wp-json\/wp\/v2\/posts\/53431\/revisions\/53435"}],"wp:featuredmedia":[{"embeddable":true,"href":"https:\/\/summainferno.com\/en\/wp-json\/wp\/v2\/media\/53433"}],"wp:attachment":[{"href":"https:\/\/summainferno.com\/en\/wp-json\/wp\/v2\/media?parent=53431"}],"wp:term":[{"taxonomy":"category","embeddable":true,"href":"https:\/\/summainferno.com\/en\/wp-json\/wp\/v2\/categories?post=53431"},{"taxonomy":"post_tag","embeddable":true,"href":"https:\/\/summainferno.com\/en\/wp-json\/wp\/v2\/tags?post=53431"}],"curies":[{"name":"wp","href":"https:\/\/api.w.org\/{rel}","templated":true}]}}