{"id":53426,"date":"2023-07-25T15:43:36","date_gmt":"2023-07-25T21:43:36","guid":{"rendered":"https:\/\/summainferno.com\/?p=53426"},"modified":"2023-07-25T15:43:37","modified_gmt":"2023-07-25T21:43:37","slug":"bullet-for-my-valentine-anuncia-gira-por-america-del-norte","status":"publish","type":"post","link":"https:\/\/summainferno.com\/en\/bullet-for-my-valentine-anuncia-gira-por-america-del-norte\/","title":{"rendered":"Bullet For My Valentine anuncia gira por Am\u00e9rica del Norte"},"content":{"rendered":"<p><strong>Bullet For My Valentine <\/strong>anunci\u00f3 su primera gira por Am\u00e9rica del Norte en cinco a\u00f1os. Junto a ellos, estar\u00e1n <strong>Of Mice &amp; Men<\/strong> and <strong>Venden<\/strong>. La gira comenzar\u00e1 el pr\u00f3ximo 8 de octubre en Montreal, Canad\u00e1.<\/p>\n\n\n\n<p>&#8220;Despu\u00e9s de cinco largos a\u00f1os, finalmente regresamos a los EE. UU. y Canad\u00e1 para una una gira como headliners. No podemos esperar para tocar y verlos a todos de nuevo, ha pasado demasiado tiempo\u201d, dice el cantante de la banda, <strong>Matt Tuck<\/strong>.<\/p>\n\n\n\n<p>Los boletos para todas las fechas, incluyendo paquetes VIP estar\u00e1n disponibles en breve.<\/p>\n\n\n\n<figure class=\"wp-block-image size-full\"><img decoding=\"async\" width=\"768\" height=\"960\" loading=\"lazy\" src=\"https:\/\/summainferno.com\/wp-content\/uploads\/2023\/07\/image-32.png\" alt=\"\" class=\"wp-image-53427\" title=\"\" srcset=\"https:\/\/summainferno.com\/wp-content\/uploads\/2023\/07\/image-32.png 768w, https:\/\/summainferno.com\/wp-content\/uploads\/2023\/07\/image-32-240x300.png 240w, https:\/\/summainferno.com\/wp-content\/uploads\/2023\/07\/image-32-380x475.png 380w, https:\/\/summainferno.com\/wp-content\/uploads\/2023\/07\/image-32-760x950.png 760w, https:\/\/summainferno.com\/wp-content\/uploads\/2023\/07\/image-32-480x600.png 480w\" sizes=\"auto, (max-width: 768px) 100vw, 768px\" \/><noscript><img decoding=\"async\" width=\"768\" height=\"960\" src=\"https:\/\/summainferno.com\/wp-content\/uploads\/2023\/07\/image-32.png\" alt=\"\" class=\"wp-image-53427\" title=\"\" srcset=\"https:\/\/summainferno.com\/wp-content\/uploads\/2023\/07\/image-32.png 768w, https:\/\/summainferno.com\/wp-content\/uploads\/2023\/07\/image-32-240x300.png 240w, https:\/\/summainferno.com\/wp-content\/uploads\/2023\/07\/image-32-380x475.png 380w, https:\/\/summainferno.com\/wp-content\/uploads\/2023\/07\/image-32-760x950.png 760w, https:\/\/summainferno.com\/wp-content\/uploads\/2023\/07\/image-32-480x600.png 480w\" sizes=\"(max-width: 768px) 100vw, 768px\" \/><\/noscript><\/figure>","protected":false},"excerpt":{"rendered":"<p>Bullet For My Valentine anunci\u00f3 su primera gira por Am\u00e9rica del Norte en cinco a\u00f1os. Junto a ellos, estar\u00e1n Of Mice &amp; Men y Venden. La gira comenzar\u00e1 el pr\u00f3ximo 8 de octubre en Montreal, Canad\u00e1. &#8220;Despu\u00e9s de cinco largos a\u00f1os, finalmente regresamos a los EE. UU. y Canad\u00e1 para una una gira como headliners. No podemos esperar para tocar y verlos a todos de nuevo, ha pasado demasiado tiempo\u201d, dice el cantante de la banda, Matt Tuck. Los boletos [&hellip;]<\/p>\n","protected":false},"author":1,"featured_media":53429,"comment_status":"open","ping_status":"open","sticky":false,"template":"","format":"standard","meta":{"footnotes":""},"categories":[1328,260,1532],"tags":[534],"class_list":["post-53426","post","type-post","status-publish","format-standard","has-post-thumbnail","hentry","category-internacional-2","category-new","category-america","tag-bullet-for-my-valentine"],"_links":{"self":[{"href":"https:\/\/summainferno.com\/en\/wp-json\/wp\/v2\/posts\/53426","targetHints":{"allow":["GET"]}}],"collection":[{"href":"https:\/\/summainferno.com\/en\/wp-json\/wp\/v2\/posts"}],"about":[{"href":"https:\/\/summainferno.com\/en\/wp-json\/wp\/v2\/types\/post"}],"author":[{"embeddable":true,"href":"https:\/\/summainferno.com\/en\/wp-json\/wp\/v2\/users\/1"}],"replies":[{"embeddable":true,"href":"https:\/\/summainferno.com\/en\/wp-json\/wp\/v2\/comments?post=53426"}],"version-history":[{"count":1,"href":"https:\/\/summainferno.com\/en\/wp-json\/wp\/v2\/posts\/53426\/revisions"}],"predecessor-version":[{"id":53430,"href":"https:\/\/summainferno.com\/en\/wp-json\/wp\/v2\/posts\/53426\/revisions\/53430"}],"wp:featuredmedia":[{"embeddable":true,"href":"https:\/\/summainferno.com\/en\/wp-json\/wp\/v2\/media\/53429"}],"wp:attachment":[{"href":"https:\/\/summainferno.com\/en\/wp-json\/wp\/v2\/media?parent=53426"}],"wp:term":[{"taxonomy":"category","embeddable":true,"href":"https:\/\/summainferno.com\/en\/wp-json\/wp\/v2\/categories?post=53426"},{"taxonomy":"post_tag","embeddable":true,"href":"https:\/\/summainferno.com\/en\/wp-json\/wp\/v2\/tags?post=53426"}],"curies":[{"name":"wp","href":"https:\/\/api.w.org\/{rel}","templated":true}]}}