{"id":53332,"date":"2023-07-21T08:53:36","date_gmt":"2023-07-21T14:53:36","guid":{"rendered":"https:\/\/summainferno.com\/?p=53332"},"modified":"2023-07-21T09:18:44","modified_gmt":"2023-07-21T15:18:44","slug":"w-a-s-p-cancela-su-gira-2023-por-estados-unidos","status":"publish","type":"post","link":"https:\/\/summainferno.com\/en\/w-a-s-p-cancela-su-gira-2023-por-estados-unidos\/","title":{"rendered":"W.A.S.P. cancela su gira 2023 por Estados Unidos"},"content":{"rendered":"<p>Debido a las lesiones que el cantante <strong>Blackie Lawless<\/strong> sufri\u00f3 durante su gira por Europa, <strong>WASP<\/strong> ha anunciado la cancelaci\u00f3n de su gira por los Estados Unidos. El tour regresar\u00e1 en la primavera del pr\u00f3ximo a\u00f1o.<\/p>\n\n\n\n<p><strong>Blackie Lawless <\/strong>habl\u00f3 sobre su lesi\u00f3n en la espalda: <em>&#8220;La extensi\u00f3n del trauma que soport\u00e9 en el Tour Europeo de 2023 fue mucho mayor de lo que se diagnostic\u00f3 originalmente y ahora ser\u00e1 necesaria una cirug\u00eda para corregir el problema. Adem\u00e1s de la hernia de disco original, a medida que continuaba la gira, se form\u00f3 una hernia en un segundo disco. Al regresar a casa, una segunda resonancia magn\u00e9tica tambi\u00e9n revel\u00f3 una v\u00e9rtebra rota en la parte inferior de la espalda. Tuve la suerte de trabajar con los mejores especialistas en los EE. UU. y he estado en rehabilitaci\u00f3n intensiva desde que llegamos a casa. Voy bien, pero el da\u00f1o fue bastante extenso y todos los doctores est\u00e1n de acuerdo en que retrasar la gira unos meses ser\u00e1 lo m\u00e1s seguro. Todo ha sido el resultado de una lesi\u00f3n que sucedi\u00f3 hace varios a\u00f1os. Estoy trabajando duro para prepararme y regresar m\u00e1s malo y duro que nunca.&#8221;<\/em><\/p>\n\n\n\n<p><strong>WASP<\/strong> est\u00e1 agendado para volver a M\u00e9xico como parte del nuevo festival <strong>Life After Death <\/strong>que se llevar\u00e1 a cabo en diciembre en el Parque Bicentenario<\/p>","protected":false},"excerpt":{"rendered":"<p>Debido a las lesiones que el cantante Blackie Lawless sufri\u00f3 durante su gira por Europa, W.A.S.P. ha anunciado la cancelaci\u00f3n de su gira por los Estados Unidos. El tour regresar\u00e1 en la primavera del pr\u00f3ximo a\u00f1o. Blackie Lawless habl\u00f3 sobre su lesi\u00f3n en la espalda: &#8220;La extensi\u00f3n del trauma que soport\u00e9 en el Tour Europeo de 2023 fue mucho mayor de lo que se diagnostic\u00f3 originalmente y ahora ser\u00e1 necesaria una cirug\u00eda para corregir el problema. Adem\u00e1s de la hernia [&hellip;]<\/p>\n","protected":false},"author":1,"featured_media":44725,"comment_status":"open","ping_status":"open","sticky":false,"template":"","format":"standard","meta":{"footnotes":""},"categories":[171,1328,260,1532],"tags":[4003],"class_list":["post-53332","post","type-post","status-publish","format-standard","has-post-thumbnail","hentry","category-heavy-metal","category-internacional-2","category-new","category-america","tag-wasp"],"_links":{"self":[{"href":"https:\/\/summainferno.com\/en\/wp-json\/wp\/v2\/posts\/53332","targetHints":{"allow":["GET"]}}],"collection":[{"href":"https:\/\/summainferno.com\/en\/wp-json\/wp\/v2\/posts"}],"about":[{"href":"https:\/\/summainferno.com\/en\/wp-json\/wp\/v2\/types\/post"}],"author":[{"embeddable":true,"href":"https:\/\/summainferno.com\/en\/wp-json\/wp\/v2\/users\/1"}],"replies":[{"embeddable":true,"href":"https:\/\/summainferno.com\/en\/wp-json\/wp\/v2\/comments?post=53332"}],"version-history":[{"count":1,"href":"https:\/\/summainferno.com\/en\/wp-json\/wp\/v2\/posts\/53332\/revisions"}],"predecessor-version":[{"id":53333,"href":"https:\/\/summainferno.com\/en\/wp-json\/wp\/v2\/posts\/53332\/revisions\/53333"}],"wp:featuredmedia":[{"embeddable":true,"href":"https:\/\/summainferno.com\/en\/wp-json\/wp\/v2\/media\/44725"}],"wp:attachment":[{"href":"https:\/\/summainferno.com\/en\/wp-json\/wp\/v2\/media?parent=53332"}],"wp:term":[{"taxonomy":"category","embeddable":true,"href":"https:\/\/summainferno.com\/en\/wp-json\/wp\/v2\/categories?post=53332"},{"taxonomy":"post_tag","embeddable":true,"href":"https:\/\/summainferno.com\/en\/wp-json\/wp\/v2\/tags?post=53332"}],"curies":[{"name":"wp","href":"https:\/\/api.w.org\/{rel}","templated":true}]}}