{"id":53238,"date":"2023-07-10T11:35:35","date_gmt":"2023-07-10T17:35:35","guid":{"rendered":"https:\/\/summainferno.com\/?p=53238"},"modified":"2023-07-10T11:35:37","modified_gmt":"2023-07-10T17:35:37","slug":"ozzy-osbourne-cancela-su-participacion-en-powertrip-2023","status":"publish","type":"post","link":"https:\/\/summainferno.com\/en\/ozzy-osbourne-cancela-su-participacion-en-powertrip-2023\/","title":{"rendered":"Ozzy Osbourne cancela su participaci\u00f3n en PowerTrip 2023"},"content":{"rendered":"<p>El cartel del festival californiano <strong>Power Trip 2023<\/strong> ha sufrido un duro golpe, pues el &#8216;Principe de las Tinieblas&#8217;, <strong>Ozzy Osbourne<\/strong>, anunci\u00f3 la cancelaci\u00f3n de su participaci\u00f3n debido a su actual estado de salud.<\/p>\n\n\n\n<p>&#8220;Aunque sea doloroso, debo cancelar mi participaci\u00f3n en el festival PowerTrip de octubre. Mi plan original era volver a los escenarios en el verano del 2024 pero cuando ellos me hicieron la oferta, fue optimista al aceptarla.<\/p>\n\n\n\n<p>Desafortunadamente, mi cuerpo dice que todav\u00eda no estoy listo y soy demasiado orgulloso como para hacer mi primer show completo en casi cinco a\u00f1os a medio gas. Mi reemplazo ser\u00e1 anunciado en breve. Son mis amigos personales y les aseguro no decepcionar\u00e1n.&#8221;<\/p>\n\n\n\n<figure class=\"wp-block-embed is-type-rich is-provider-twitter wp-block-embed-twitter\"><div class=\"wp-block-embed__wrapper\">\n<blockquote class=\"twitter-tweet\" data-width=\"550\" data-dnt=\"true\"><p lang=\"es\" dir=\"ltr\">Ozzy Osbourne acaba de cancelar su participaci\u00f3n en el festival Power Trip, debido a sus condiciones de salud. <a href=\"https:\/\/t.co\/IHMp5zJT2M\">pic.twitter.com\/IHMp5zJT2M<\/a><\/p>&mdash; Summa Inferno (@summainferno) <a href=\"https:\/\/twitter.com\/summainferno\/status\/1678456218040377347?ref_src=twsrc%5Etfw\" target=\"_blank\" rel=\"noopener\">July 10, 2023<\/a><\/blockquote><script async src=\"https:\/\/platform.twitter.com\/widgets.js\" charset=\"utf-8\"><\/script>\n<\/div><\/figure>","protected":false},"excerpt":{"rendered":"<p>El cartel del festival californiano Power Trip 2023 ha sufrido un duro golpe, pues el &#8216;Principe de las Tinieblas&#8217;, Ozzy Osbourne, anunci\u00f3 la cancelaci\u00f3n de su participaci\u00f3n debido a su actual estado de salud. &#8220;Aunque sea doloroso, debo cancelar mi participaci\u00f3n en el festival PowerTrip de octubre. Mi plan original era volver a los escenarios en el verano del 2024 pero cuando ellos me hicieron la oferta, fue optimista al aceptarla. Desafortunadamente, mi cuerpo dice que todav\u00eda no estoy listo [&hellip;]<\/p>\n","protected":false},"author":1,"featured_media":50140,"comment_status":"open","ping_status":"open","sticky":false,"template":"","format":"standard","meta":{"footnotes":""},"categories":[111,171,260],"tags":[487,4421],"class_list":["post-53238","post","type-post","status-publish","format-standard","has-post-thumbnail","hentry","category-destacado","category-heavy-metal","category-new","tag-ozzy-osbourne","tag-powertrip"],"_links":{"self":[{"href":"https:\/\/summainferno.com\/en\/wp-json\/wp\/v2\/posts\/53238","targetHints":{"allow":["GET"]}}],"collection":[{"href":"https:\/\/summainferno.com\/en\/wp-json\/wp\/v2\/posts"}],"about":[{"href":"https:\/\/summainferno.com\/en\/wp-json\/wp\/v2\/types\/post"}],"author":[{"embeddable":true,"href":"https:\/\/summainferno.com\/en\/wp-json\/wp\/v2\/users\/1"}],"replies":[{"embeddable":true,"href":"https:\/\/summainferno.com\/en\/wp-json\/wp\/v2\/comments?post=53238"}],"version-history":[{"count":1,"href":"https:\/\/summainferno.com\/en\/wp-json\/wp\/v2\/posts\/53238\/revisions"}],"predecessor-version":[{"id":53240,"href":"https:\/\/summainferno.com\/en\/wp-json\/wp\/v2\/posts\/53238\/revisions\/53240"}],"wp:featuredmedia":[{"embeddable":true,"href":"https:\/\/summainferno.com\/en\/wp-json\/wp\/v2\/media\/50140"}],"wp:attachment":[{"href":"https:\/\/summainferno.com\/en\/wp-json\/wp\/v2\/media?parent=53238"}],"wp:term":[{"taxonomy":"category","embeddable":true,"href":"https:\/\/summainferno.com\/en\/wp-json\/wp\/v2\/categories?post=53238"},{"taxonomy":"post_tag","embeddable":true,"href":"https:\/\/summainferno.com\/en\/wp-json\/wp\/v2\/tags?post=53238"}],"curies":[{"name":"wp","href":"https:\/\/api.w.org\/{rel}","templated":true}]}}