{"id":53023,"date":"2023-06-19T09:14:20","date_gmt":"2023-06-19T15:14:20","guid":{"rendered":"https:\/\/summainferno.com\/?p=53023"},"modified":"2023-06-19T09:15:15","modified_gmt":"2023-06-19T15:15:15","slug":"trent-reznor-ya-no-estaria-interesado-en-hacer-mas-musica-con-nine-inch-nails","status":"publish","type":"post","link":"https:\/\/summainferno.com\/en\/trent-reznor-ya-no-estaria-interesado-en-hacer-mas-musica-con-nine-inch-nails\/","title":{"rendered":"Trent Reznor ya no estar\u00eda interesado en hacer m\u00e1s m\u00fasica con Nine Inch Nails"},"content":{"rendered":"<p><strong>Trent Reznor<\/strong> ha hablado sobre el futuro de su creaci\u00f3n m\u00e1s grande, <strong>Nine Inch Nails <\/strong>para el cual no ve un futuro promisorio y no cree lanzar nueva m\u00fasica en un futuro cercano, debido al mal trato que se la ha dado a la m\u00fasica en la industria y el mundo.<\/p>\n\n\n\n<p>&#8220;En el contexto de Nine Inch Nails, en t\u00e9rminos de audiencia y cultura, la importancia de la m\u00fasica &#8211; o la falta de importancia de la m\u00fasica  en el mundo de hoy &#8211; desde mi perspectiva, es un poco frustrante. Me parece y lo digo como un hombre de 57 a\u00f1os de edad, la m\u00fasica sol\u00eda ser a lo que hac\u00eda cuando ten\u00eda tiempo libre. Escuchaba m\u00fasica. No era lo que hac\u00eda de fondo, mientras estaba haciendo otras cinco cosas y no la trataba como un producto desechable.<\/p>\n\n\n\n<p>Extra\u00f1o un poco la atenci\u00f3n que recibi\u00f3 la m\u00fasica, extra\u00f1o la atenci\u00f3n cr\u00edtica que recibi\u00f3 la m\u00fasica. No es que me interese la opini\u00f3n de los cr\u00edticos, pero lanzar algo al mundo y sentir que toqu\u00e9 ciertos lugares y pensar que tuvo un efecto positivo o negativo en alguien cuando la escuch\u00f3 y dio su opini\u00f3n, y la valid\u00f3 de su propia manera cultural.<\/p>\n\n\n\n<p>Todo eso hace que me sienta en un ambiente menos f\u00e9rtil para lanzar m\u00e1s m\u00fasica de Nine Inch Nails al mundo&#8221;, dijo.<\/p>\n\n\n\n<p>Y si piensas que tal vez la soluci\u00f3n sea irse de gira un rato con la banda, <strong>Reznor<\/strong> tampoco es especialmente entusiasta en ese aspecto. &#8220;No quiero estar lejos de mis hijos. No quiero perderme sus vidas por hacer algo que estoy muy agradecido por poder hacer y que ustedes vayan a verlo, pero ya lo he hecho demasiadas veces, \u00bfsabes?&#8221;<\/p>","protected":false},"excerpt":{"rendered":"<p>Trent Reznor ha hablado sobre el futuro de su creaci\u00f3n m\u00e1s grande, Nine Inch Nails para el cual no ve un futuro promisorio y no cree lanzar nueva m\u00fasica en un futuro cercano, debido al mal trato que se la ha dado a la m\u00fasica en la industria y el mundo. &#8220;En el contexto de Nine Inch Nails, en t\u00e9rminos de audiencia y cultura, la importancia de la m\u00fasica &#8211; o la falta de importancia de la m\u00fasica en el [&hellip;]<\/p>\n","protected":false},"author":1,"featured_media":37614,"comment_status":"open","ping_status":"open","sticky":false,"template":"","format":"standard","meta":{"footnotes":""},"categories":[1697,260],"tags":[633,1390],"class_list":["post-53023","post","type-post","status-publish","format-standard","has-post-thumbnail","hentry","category-industrial-entrevistas","category-new","tag-nine-inch-nails","tag-trent-reznor"],"_links":{"self":[{"href":"https:\/\/summainferno.com\/en\/wp-json\/wp\/v2\/posts\/53023","targetHints":{"allow":["GET"]}}],"collection":[{"href":"https:\/\/summainferno.com\/en\/wp-json\/wp\/v2\/posts"}],"about":[{"href":"https:\/\/summainferno.com\/en\/wp-json\/wp\/v2\/types\/post"}],"author":[{"embeddable":true,"href":"https:\/\/summainferno.com\/en\/wp-json\/wp\/v2\/users\/1"}],"replies":[{"embeddable":true,"href":"https:\/\/summainferno.com\/en\/wp-json\/wp\/v2\/comments?post=53023"}],"version-history":[{"count":2,"href":"https:\/\/summainferno.com\/en\/wp-json\/wp\/v2\/posts\/53023\/revisions"}],"predecessor-version":[{"id":53026,"href":"https:\/\/summainferno.com\/en\/wp-json\/wp\/v2\/posts\/53023\/revisions\/53026"}],"wp:featuredmedia":[{"embeddable":true,"href":"https:\/\/summainferno.com\/en\/wp-json\/wp\/v2\/media\/37614"}],"wp:attachment":[{"href":"https:\/\/summainferno.com\/en\/wp-json\/wp\/v2\/media?parent=53023"}],"wp:term":[{"taxonomy":"category","embeddable":true,"href":"https:\/\/summainferno.com\/en\/wp-json\/wp\/v2\/categories?post=53023"},{"taxonomy":"post_tag","embeddable":true,"href":"https:\/\/summainferno.com\/en\/wp-json\/wp\/v2\/tags?post=53023"}],"curies":[{"name":"wp","href":"https:\/\/api.w.org\/{rel}","templated":true}]}}