{"id":52882,"date":"2023-06-05T19:04:51","date_gmt":"2023-06-06T01:04:51","guid":{"rendered":"https:\/\/summainferno.com\/?p=52882"},"modified":"2023-06-05T19:04:53","modified_gmt":"2023-06-06T01:04:53","slug":"corona-capital-revela-su-cartel-para-la-edicion-2023","status":"publish","type":"post","link":"https:\/\/summainferno.com\/en\/corona-capital-revela-su-cartel-para-la-edicion-2023\/","title":{"rendered":"Corona Capital revela su cartel para la edici\u00f3n 2023"},"content":{"rendered":"<p>He <strong>Capital Crown <\/strong>ha dado a conocer el cartel completo se su edici\u00f3n 2023, que se realizar\u00e1 el 17, 18 y 19 de noviembre en su tradicional sede, el <em>Aut\u00f3dromo Hermanos Rodr\u00edguez<\/em>.<\/p>\n\n\n\n<p>Era un secreto a voces la presencia de <strong>Blur<\/strong> and <strong>The Cure<\/strong>, y como cada a\u00f1o, no nos pudimos librar de diversos carteles falsos, pero hoy fue el d\u00eda en que el anuncio oficial se dio a conocer.<\/p>\n\n\n\n<p>Adem\u00e1s de las dos bandas ya mencionadas, en el line up salen a relucir tambi\u00e9n <strong>Arcade Fire, Pulp, The Black Keys, Thirty Seconds to Mars, The Chemical Brothers<\/strong> and more.<\/p>\n\n\n\n<figure class=\"wp-block-image size-full\"><img decoding=\"async\" width=\"526\" height=\"526\" loading=\"lazy\" src=\"https:\/\/summainferno.com\/wp-content\/uploads\/2023\/06\/CC2023.jpg\" alt=\"\" class=\"wp-image-52888\" title=\"\" srcset=\"https:\/\/summainferno.com\/wp-content\/uploads\/2023\/06\/CC2023.jpg 526w, https:\/\/summainferno.com\/wp-content\/uploads\/2023\/06\/CC2023-300x300.jpg 300w, https:\/\/summainferno.com\/wp-content\/uploads\/2023\/06\/CC2023-150x150.jpg 150w, https:\/\/summainferno.com\/wp-content\/uploads\/2023\/06\/CC2023-80x80.jpg 80w, https:\/\/summainferno.com\/wp-content\/uploads\/2023\/06\/CC2023-110x110.jpg 110w, https:\/\/summainferno.com\/wp-content\/uploads\/2023\/06\/CC2023-380x380.jpg 380w, https:\/\/summainferno.com\/wp-content\/uploads\/2023\/06\/CC2023-24x24.jpg 24w, https:\/\/summainferno.com\/wp-content\/uploads\/2023\/06\/CC2023-48x48.jpg 48w, https:\/\/summainferno.com\/wp-content\/uploads\/2023\/06\/CC2023-96x96.jpg 96w, https:\/\/summainferno.com\/wp-content\/uploads\/2023\/06\/CC2023-160x160.jpg 160w, https:\/\/summainferno.com\/wp-content\/uploads\/2023\/06\/CC2023-220x220.jpg 220w, https:\/\/summainferno.com\/wp-content\/uploads\/2023\/06\/CC2023-192x192.jpg 192w\" sizes=\"auto, (max-width: 526px) 100vw, 526px\" \/><noscript><img decoding=\"async\" width=\"526\" height=\"526\" src=\"https:\/\/summainferno.com\/wp-content\/uploads\/2023\/06\/CC2023.jpg\" alt=\"\" class=\"wp-image-52888\" title=\"\" srcset=\"https:\/\/summainferno.com\/wp-content\/uploads\/2023\/06\/CC2023.jpg 526w, https:\/\/summainferno.com\/wp-content\/uploads\/2023\/06\/CC2023-300x300.jpg 300w, https:\/\/summainferno.com\/wp-content\/uploads\/2023\/06\/CC2023-150x150.jpg 150w, https:\/\/summainferno.com\/wp-content\/uploads\/2023\/06\/CC2023-80x80.jpg 80w, https:\/\/summainferno.com\/wp-content\/uploads\/2023\/06\/CC2023-110x110.jpg 110w, https:\/\/summainferno.com\/wp-content\/uploads\/2023\/06\/CC2023-380x380.jpg 380w, https:\/\/summainferno.com\/wp-content\/uploads\/2023\/06\/CC2023-24x24.jpg 24w, https:\/\/summainferno.com\/wp-content\/uploads\/2023\/06\/CC2023-48x48.jpg 48w, https:\/\/summainferno.com\/wp-content\/uploads\/2023\/06\/CC2023-96x96.jpg 96w, https:\/\/summainferno.com\/wp-content\/uploads\/2023\/06\/CC2023-160x160.jpg 160w, https:\/\/summainferno.com\/wp-content\/uploads\/2023\/06\/CC2023-220x220.jpg 220w, https:\/\/summainferno.com\/wp-content\/uploads\/2023\/06\/CC2023-192x192.jpg 192w\" sizes=\"(max-width: 526px) 100vw, 526px\" \/><\/noscript><\/figure>\n\n\n\n<p>La preventa especial para usuarios de tarjetas del llamado &#8216;Banco Nacional de M\u00e9xico&#8217;, comenzar\u00e1 este viernes 9 de junio a partir de las 14:00 hrs. La venta general para mortales arrancar\u00e1 al d\u00eda siguiente.<\/p>\n\n\n\n<p>Los costos oficiales a\u00fan no se han dado a conocer, pero se espera que sean aproximados a esto:<br><strong>Abono General:\u00a0<\/strong>Entre 4 mil y 5 mil pesos.<br><strong>Abono Comfort Fase 1:\u00a0<\/strong>Entre 6 mil 435 y 7 mil 635 pesos.<br><strong>Abono Plus Fase 1:\u00a0<\/strong>Entre 8 mil 580 y 9 mil 780 pesos.<br><strong>Abono \u00c1rea Club:<\/strong>\u00a0Aproximadamente 35 mil pesos.\u00a0<\/p>\n\n\n\n<ul class=\"wp-block-list\"><\/ul>\n\n\n\n<p>\u00a1Les deseamos suerte consiguiendo sus accesos!<\/p>","protected":false},"excerpt":{"rendered":"<p>El Corona Capital ha dado a conocer el cartel completo se su edici\u00f3n 2023, que se realizar\u00e1 el 17, 18 y 19 de noviembre en su tradicional sede, el Aut\u00f3dromo Hermanos Rodr\u00edguez. Era un secreto a voces la presencia de Blur y The Cure, y como cada a\u00f1o, no nos pudimos librar de diversos carteles falsos, pero hoy fue el d\u00eda en que el anuncio oficial se dio a conocer. Adem\u00e1s de las dos bandas ya mencionadas, en el line [&hellip;]<\/p>\n","protected":false},"author":13,"featured_media":52893,"comment_status":"open","ping_status":"open","sticky":false,"template":"","format":"standard","meta":{"footnotes":""},"categories":[260],"tags":[181],"class_list":["post-52882","post","type-post","status-publish","format-standard","has-post-thumbnail","hentry","category-new","tag-corona-capital"],"_links":{"self":[{"href":"https:\/\/summainferno.com\/en\/wp-json\/wp\/v2\/posts\/52882","targetHints":{"allow":["GET"]}}],"collection":[{"href":"https:\/\/summainferno.com\/en\/wp-json\/wp\/v2\/posts"}],"about":[{"href":"https:\/\/summainferno.com\/en\/wp-json\/wp\/v2\/types\/post"}],"author":[{"embeddable":true,"href":"https:\/\/summainferno.com\/en\/wp-json\/wp\/v2\/users\/13"}],"replies":[{"embeddable":true,"href":"https:\/\/summainferno.com\/en\/wp-json\/wp\/v2\/comments?post=52882"}],"version-history":[{"count":1,"href":"https:\/\/summainferno.com\/en\/wp-json\/wp\/v2\/posts\/52882\/revisions"}],"predecessor-version":[{"id":52894,"href":"https:\/\/summainferno.com\/en\/wp-json\/wp\/v2\/posts\/52882\/revisions\/52894"}],"wp:featuredmedia":[{"embeddable":true,"href":"https:\/\/summainferno.com\/en\/wp-json\/wp\/v2\/media\/52893"}],"wp:attachment":[{"href":"https:\/\/summainferno.com\/en\/wp-json\/wp\/v2\/media?parent=52882"}],"wp:term":[{"taxonomy":"category","embeddable":true,"href":"https:\/\/summainferno.com\/en\/wp-json\/wp\/v2\/categories?post=52882"},{"taxonomy":"post_tag","embeddable":true,"href":"https:\/\/summainferno.com\/en\/wp-json\/wp\/v2\/tags?post=52882"}],"curies":[{"name":"wp","href":"https:\/\/api.w.org\/{rel}","templated":true}]}}