{"id":52869,"date":"2023-06-05T19:20:08","date_gmt":"2023-06-06T01:20:08","guid":{"rendered":"https:\/\/summainferno.com\/?p=52869"},"modified":"2023-12-27T13:19:56","modified_gmt":"2023-12-27T19:19:56","slug":"no-es-dificil-sonar-genial-en-estos-dias-lo-dificil-es-sonar-unico-einar-solberg","status":"publish","type":"post","link":"https:\/\/summainferno.com\/en\/no-es-dificil-sonar-genial-en-estos-dias-lo-dificil-es-sonar-unico-einar-solberg\/","title":{"rendered":"&#8220;No es dif\u00edcil sonar genial en estos d\u00edas, lo dif\u00edcil es sonar \u00fanico&#8221;: Einar Solberg"},"content":{"rendered":"\n<p><strong>Leprous<\/strong> es una de las bandas m\u00e1s importantes del movimiento progresivo desde hace una d\u00e9cada. Los noruegos han sabido ganarse un lugar de preponderancia dentro de los fans del g\u00e9nero y alcanzaron la fama mundial con el lanzamiento de sus dos \u00faltimos \u00e1lbumes de estudio, &#8216;<em>Pitfalls<\/em>&#8216; y &#8216;<em>Aphelion<\/em>&#8216;.<\/p>\n\n\n\n<p>Ahora, su l\u00edder, <strong>Einar Solberg<\/strong> ha decido probar con algo diferente. Este mes, el cantante ha lanzado &#8217;16&#8217;, su primer \u00e1lbum en solitario, un trabajo introspectivo y personal, que narra las historias vividas por el n\u00f3rdico durante su infancia. <\/p>\n\n\n\n<p>Platicamos con <strong>Einar<\/strong> desde su hogar donde nos dio detalles de la producci\u00f3n de &#8217;16&#8217; y por supuesto, fue inevitable preguntar sobre el presente y futuro de su proyecto principal, <strong>Leprous<\/strong>.<\/p>\n\n\n\n<p><strong>\u00bfC\u00f3mo fue que te naci\u00f3 la inquietud de realizar un \u00e1lbum en solitario?<\/strong><\/p>\n\n\n\n<p>Bueno, he estado en una sola banda en toda mi vida, as\u00ed que pens\u00e9 que era el momento para mi de tener un proyecto extra como casi todo el mundo lo tiene ahora [risas]. Casi todos los m\u00fasicos que conozco tienen proyectos m\u00faltiples; tienen una banda principal y otros girando alrededor y yo sent\u00eda que me faltaba hacer algo m\u00e1s, el poder trabajar con gente distinta. La idea naci\u00f3 cerca de 2018 y comenc\u00e9 a evolucionarla poco a poco desde ese momento. <\/p>\n\n\n\n<p><strong>Debo decir que el nuevo \u00e1lbum, &#8217;16&#8217; es grandioso. A\u00fan cuando ciertamente hay ciertos elementos reconocibles de Leprous en \u00e9l, funciona de tal manera que se escucha como algo \u00fanico&#8230;<\/strong><\/p>\n\n\n\n<p>Creo que tener ciertas similitudes con tu banda principal, es algo que no se puede evitar. En Leprous, soy el compositor principal pero hay otros cuatro miembros y todos opinan sobre la m\u00fasica que lanzamos. Nunca pens\u00e9 realmente en evitar sonar como Leprous, pues entiendo que a final de cuenta es mi voz, es mi forma de componer y siempre habr\u00e1 similitudes, pero lo genial de esto es que pude trabajar con un mont\u00f3n de gente nueva que me dio una nueva forma de crear mi m\u00fasica.<\/p>\n\n\n\n<p>Estoy seguro que conforme pase el tiempo, Leprous y mi proyecto en solitario sonar\u00e1n m\u00e1s y m\u00e1s distintos, en cuanto cada uno termine de definirse dentro de su propio estilo. Es diferente ahora, pero ser\u00e1 a\u00fan m\u00e1s diferente en el futuro.<\/p>\n\n\n\n<div class=\"wp-block-media-text alignwide is-stacked-on-mobile\"><figure class=\"wp-block-media-text__media\"><img decoding=\"async\" width=\"683\" height=\"1024\" loading=\"lazy\" src=\"https:\/\/summainferno.com\/wp-content\/uploads\/2023\/06\/329718749_499755959007254_5878120375291223579_n-683x1024.jpg\" alt=\"\" class=\"wp-image-52870 size-full\" title=\"\" srcset=\"https:\/\/summainferno.com\/wp-content\/uploads\/2023\/06\/329718749_499755959007254_5878120375291223579_n-683x1024.jpg 683w, https:\/\/summainferno.com\/wp-content\/uploads\/2023\/06\/329718749_499755959007254_5878120375291223579_n-200x300.jpg 200w, https:\/\/summainferno.com\/wp-content\/uploads\/2023\/06\/329718749_499755959007254_5878120375291223579_n-768x1151.jpg 768w, https:\/\/summainferno.com\/wp-content\/uploads\/2023\/06\/329718749_499755959007254_5878120375291223579_n-1025x1536.jpg 1025w, https:\/\/summainferno.com\/wp-content\/uploads\/2023\/06\/329718749_499755959007254_5878120375291223579_n-380x570.jpg 380w, https:\/\/summainferno.com\/wp-content\/uploads\/2023\/06\/329718749_499755959007254_5878120375291223579_n-800x1199.jpg 800w, https:\/\/summainferno.com\/wp-content\/uploads\/2023\/06\/329718749_499755959007254_5878120375291223579_n-1160x1739.jpg 1160w, https:\/\/summainferno.com\/wp-content\/uploads\/2023\/06\/329718749_499755959007254_5878120375291223579_n-760x1139.jpg 760w, https:\/\/summainferno.com\/wp-content\/uploads\/2023\/06\/329718749_499755959007254_5878120375291223579_n-400x600.jpg 400w, https:\/\/summainferno.com\/wp-content\/uploads\/2023\/06\/329718749_499755959007254_5878120375291223579_n.jpg 1366w\" sizes=\"auto, (max-width: 683px) 100vw, 683px\" \/><noscript><img decoding=\"async\" width=\"683\" height=\"1024\" src=\"https:\/\/summainferno.com\/wp-content\/uploads\/2023\/06\/329718749_499755959007254_5878120375291223579_n-683x1024.jpg\" alt=\"\" class=\"wp-image-52870 size-full\" title=\"\" srcset=\"https:\/\/summainferno.com\/wp-content\/uploads\/2023\/06\/329718749_499755959007254_5878120375291223579_n-683x1024.jpg 683w, https:\/\/summainferno.com\/wp-content\/uploads\/2023\/06\/329718749_499755959007254_5878120375291223579_n-200x300.jpg 200w, https:\/\/summainferno.com\/wp-content\/uploads\/2023\/06\/329718749_499755959007254_5878120375291223579_n-768x1151.jpg 768w, https:\/\/summainferno.com\/wp-content\/uploads\/2023\/06\/329718749_499755959007254_5878120375291223579_n-1025x1536.jpg 1025w, https:\/\/summainferno.com\/wp-content\/uploads\/2023\/06\/329718749_499755959007254_5878120375291223579_n-380x570.jpg 380w, https:\/\/summainferno.com\/wp-content\/uploads\/2023\/06\/329718749_499755959007254_5878120375291223579_n-800x1199.jpg 800w, https:\/\/summainferno.com\/wp-content\/uploads\/2023\/06\/329718749_499755959007254_5878120375291223579_n-1160x1739.jpg 1160w, https:\/\/summainferno.com\/wp-content\/uploads\/2023\/06\/329718749_499755959007254_5878120375291223579_n-760x1139.jpg 760w, https:\/\/summainferno.com\/wp-content\/uploads\/2023\/06\/329718749_499755959007254_5878120375291223579_n-400x600.jpg 400w, https:\/\/summainferno.com\/wp-content\/uploads\/2023\/06\/329718749_499755959007254_5878120375291223579_n.jpg 1366w\" sizes=\"(max-width: 683px) 100vw, 683px\" \/><\/noscript><\/figure><div class=\"wp-block-media-text__content\">\n<p><strong>Entonces asumo que ya tienes planes para lanzar m\u00e1s discos en solitario.<\/strong><\/p>\n\n\n\n<p>\u00a1S\u00ed, por supuesto! Pero por ahora, es momento de Leprous, despu\u00e9s ya veremos. Tengo un deseo gigante de componer m\u00fasica, tan grande que no siento que se me quite nunca.<\/p>\n\n\n\n<p>Quiero escribir a\u00fan m\u00e1s canciones de las que ya tengo actualmente y estoy seguro que alcanzar\u00e1 para m\u00e1s discos [risas]. <\/p>\n\n\n\n<p>Por supuesto, jam\u00e1s reemplazar\u00e9 Leprous de ninguna manera, solo tendr\u00e9 estos dos proyectos como algo totalmente separado.<\/p>\n\n\n\n<p><strong>El estar en solitario, te da la libertad de crear nuevas atm\u00f3sferas musicales, tomar riesgos que tal vez no podr\u00edas tomar en una banda como Leprous, donde hay m\u00e1s gente opinando&#8230;<\/strong><\/p>\n\n\n\n<p>Ciertamente tengo una sensaci\u00f3n de libertad, por supuesto. Pero lo grandioso con Leprous, es que es una banda muy libre en cuesti\u00f3n creativa, de mente muy abierta. Entonces, nunca me sentido restringido de ninguna manera dentro de la banda.<\/p>\n\n\n\n<p>El crear este nuevo proyecto simplemente responde a mi necesidad de expandir mis horizontes, conocer m\u00e1s gente, aprender.<\/p>\n<\/div><\/div>\n\n\n\n<p>Siento que dentro de Leprous, todos estamos de acuerdo en que est\u00e1 bien tomar riesgos, de hecho hemos tomado un mont\u00f3n de ellos musicalmente. En nuestros primeros discos recibidos un mont\u00f3n de hate por lo mismo. Primero la gente dec\u00eda &#8220;Oh, esto es genial&#8221; y luego cuando hac\u00edamos algo distinto cambiaban &#8220;Oh no, no. Esto no es Leprous, es otra cosa, \u00bfpor qu\u00e9 hacen algo diferente?&#8221; [Risas]. Estamos acostumbrados a los riesgos. <\/p>\n\n\n\n<p>Jam\u00e1s he escuchado que alguno de los miembros de la banda diga algo como &#8220;No, estoy es demasiado experimental, es muy arriesgado, mejor vamos a quedarnos con lo que siempre hacemos&#8221;. Nunca nadie en Leprous ha dicho tal cosa.<\/p>\n\n\n\n<p>Para mi, es muy emocionante el poder trabajar en un ambiente totalmente distinto, fue de verdad muy divertido.<\/p>\n\n\n\n<p><strong>Al ser un \u00e1lbum que escribiste de pies a cabeza, \u00bfcrees que es un trabajo a\u00fan m\u00e1s introspectivo?<\/strong><\/p>\n\n\n\n<p>Ehm, los \u00faltimos dos discos ya fueron bastante transparentes. &#8216;Pitfalls&#8217; y &#8216;Aphelion&#8217; fueron mis primeros discos donde cont\u00e9 una historia en primera persona, todo inspirado en mi estado mental durante esos momentos.<\/p>\n\n\n\n<p>Ahora, para &#8217;16&#8217;, escrib\u00ed m\u00e1s sobre el pasado, sobre mi juventud, de mi mismo como un adolescente. Tal vez eso lo haga m\u00e1s honesto de cierta forma, pues en vez de hablar sobre problemas internos que podr\u00edan hacer que mucha gente se sienta identificada, escrib\u00ed sobre cosas que realmente ocurrieron en mi vida. En muchas formas, lo hace mi disco m\u00e1s personal. Y el menos personal a la vez, pues no escribo de lo que siento ahora [Risas]<\/p>\n\n\n\n<p><strong>En &#8217;16&#8217; tuviste varias colaboraciones, \u00bfc\u00f3mo elegiste a quien querr\u00edas que apareciera en tu disco?<\/strong><\/p>\n\n\n\n<p>La verdad, es que estuve revisando cuantos seguidores ten\u00eda cada uno en Instagram&#8230; \u00a1No, estoy bromeando! [Risas] De hecho, fue todo lo opuesto, pues no me import\u00f3 que tan famosa pudiera ser la persona, sino que tan poderosa pudiera ser la personalidad que impondr\u00eda dentro de lo que estaba haciendo. A casi todos los conoc\u00eda de antes, as\u00ed que no tuve extra\u00f1os dentro de mi ambiente.<\/p>\n\n\n\n<p>Lo especial del \u00e1lbum, es que esas colaboraciones ayudaron integralmente a componer las canciones que tambi\u00e9n interpretan, en vez de solo limitarse a cantar como se hace normalmente. No quer\u00eda solo traer gente que tocara un solo de guitarra, o que apareciera en un coro sino llevarlo a otro nivel y que fuera una colaboraci\u00f3n creativa. Todo fue un 50\/50. Les mandaba algo y me lo enviaban de regreso hasta que estuvimos felices con el resultado. <\/p>\n\n\n\n<figure class=\"wp-block-image alignwide size-large\"><img decoding=\"async\" width=\"1024\" height=\"682\" loading=\"lazy\" src=\"https:\/\/summainferno.com\/wp-content\/uploads\/2023\/06\/Einar-Solberg-2023-1024x682.webp\" alt=\"\" class=\"wp-image-52871\" title=\"\" srcset=\"https:\/\/summainferno.com\/wp-content\/uploads\/2023\/06\/Einar-Solberg-2023-1024x682.webp 1024w, https:\/\/summainferno.com\/wp-content\/uploads\/2023\/06\/Einar-Solberg-2023-300x200.webp 300w, https:\/\/summainferno.com\/wp-content\/uploads\/2023\/06\/Einar-Solberg-2023-768x512.webp 768w, https:\/\/summainferno.com\/wp-content\/uploads\/2023\/06\/Einar-Solberg-2023-1536x1024.webp 1536w, https:\/\/summainferno.com\/wp-content\/uploads\/2023\/06\/Einar-Solberg-2023-360x240.webp 360w, https:\/\/summainferno.com\/wp-content\/uploads\/2023\/06\/Einar-Solberg-2023-380x253.webp 380w, https:\/\/summainferno.com\/wp-content\/uploads\/2023\/06\/Einar-Solberg-2023-800x533.webp 800w, https:\/\/summainferno.com\/wp-content\/uploads\/2023\/06\/Einar-Solberg-2023-1160x773.webp 1160w, https:\/\/summainferno.com\/wp-content\/uploads\/2023\/06\/Einar-Solberg-2023-720x480.webp 720w, https:\/\/summainferno.com\/wp-content\/uploads\/2023\/06\/Einar-Solberg-2023-760x507.webp 760w, https:\/\/summainferno.com\/wp-content\/uploads\/2023\/06\/Einar-Solberg-2023-1600x1066.webp 1600w, https:\/\/summainferno.com\/wp-content\/uploads\/2023\/06\/Einar-Solberg-2023-600x400.webp 600w, https:\/\/summainferno.com\/wp-content\/uploads\/2023\/06\/Einar-Solberg-2023.webp 2000w\" sizes=\"auto, (max-width: 1024px) 100vw, 1024px\" \/><noscript><img decoding=\"async\" width=\"1024\" height=\"682\" src=\"https:\/\/summainferno.com\/wp-content\/uploads\/2023\/06\/Einar-Solberg-2023-1024x682.webp\" alt=\"\" class=\"wp-image-52871\" title=\"\" srcset=\"https:\/\/summainferno.com\/wp-content\/uploads\/2023\/06\/Einar-Solberg-2023-1024x682.webp 1024w, https:\/\/summainferno.com\/wp-content\/uploads\/2023\/06\/Einar-Solberg-2023-300x200.webp 300w, https:\/\/summainferno.com\/wp-content\/uploads\/2023\/06\/Einar-Solberg-2023-768x512.webp 768w, https:\/\/summainferno.com\/wp-content\/uploads\/2023\/06\/Einar-Solberg-2023-1536x1024.webp 1536w, https:\/\/summainferno.com\/wp-content\/uploads\/2023\/06\/Einar-Solberg-2023-360x240.webp 360w, https:\/\/summainferno.com\/wp-content\/uploads\/2023\/06\/Einar-Solberg-2023-380x253.webp 380w, https:\/\/summainferno.com\/wp-content\/uploads\/2023\/06\/Einar-Solberg-2023-800x533.webp 800w, https:\/\/summainferno.com\/wp-content\/uploads\/2023\/06\/Einar-Solberg-2023-1160x773.webp 1160w, https:\/\/summainferno.com\/wp-content\/uploads\/2023\/06\/Einar-Solberg-2023-720x480.webp 720w, https:\/\/summainferno.com\/wp-content\/uploads\/2023\/06\/Einar-Solberg-2023-760x507.webp 760w, https:\/\/summainferno.com\/wp-content\/uploads\/2023\/06\/Einar-Solberg-2023-1600x1066.webp 1600w, https:\/\/summainferno.com\/wp-content\/uploads\/2023\/06\/Einar-Solberg-2023-600x400.webp 600w, https:\/\/summainferno.com\/wp-content\/uploads\/2023\/06\/Einar-Solberg-2023.webp 2000w\" sizes=\"(max-width: 1024px) 100vw, 1024px\" \/><\/noscript><\/figure>\n\n\n\n<p><strong>\u00bfY a quienes quisieras tener para el futuro?<\/strong><\/p>\n\n\n\n<p>No trabajar\u00e9 nuevamente con colaboradores. Una vez que termine de grabar el nuevo \u00e1lbum de Leprous, trabajar\u00e9 en mi segundo \u00e1lbum en solitario y quiero escribir todo. Me encant\u00f3 la forma en que hicimos este trabajo, pero quiero probar como sale algo cuando lo hago todo por mi mismo. Para la pr\u00f3xima, quiero ver que resulta cuando todo sale de mi mente.<\/p>\n\n\n\n<p><strong>Y bueno, ya que hablas de este nuevo \u00e1lbum de Leprous, \u00bfc\u00f3mo va?<\/strong><\/p>\n\n\n\n<p>Por ahora est\u00e1 en sus etapas tempranas, hemos hablado de decirle adi\u00f3s a nuestros elementos cinematogr\u00e1ficos pues creemos que ya lo usamos demasiado y querernos enfocarnos m\u00e1s en lo que los miembros de la banda pueden ofrecer en vez de involucrar elementos externos como arreglos de violines y cosas as\u00ed.<\/p>\n\n\n\n<p>Lo hicimos durante los dos \u00faltimos \u00e1lbumes y un poco tambi\u00e9n en &#8216;Malina&#8217;, as\u00ed que queremos probar algo distinto, ser\u00e1 una especie de despedida musicalmente a lo que fueron &#8216;Aphelion&#8217; y &#8216;Pitfalls&#8217;. S\u00ed, ya comenzamos a trabajar en \u00e9l, pero todav\u00eda es muy pronto como para poder dar m\u00e1s detalles.<\/p>\n\n\n\n<p><strong>Hace un tiempo, dijiste que el rock progresivo se hab\u00eda convertido en un g\u00e9nero muy unidimensional, \u00bfcrees que se estanque en eso o que podr\u00eda evolucionar en algo m\u00e1s?<\/strong><\/p>\n\n\n\n<p>Creo que la gente se interesa mucho en la opini\u00f3n de otras personas sobre la m\u00fasica que toca [Risas] No digo que en general el rock progresivo sea mejor o peor que cualquier otro g\u00e9nero musical, sino que mucha de la m\u00fasica que las bandas han lanzado \u00faltimamente, suena muy similar a cualquier otra banda del g\u00e9nero. Y no solo en el progresivo, sino en toda la m\u00fasica.<\/p>\n\n\n\n<p>En el pasado, creo que hab\u00eda m\u00e1s inspiraci\u00f3n en los m\u00fasicos. Antes, deb\u00edas ir a un estudio de verdad, estar ah\u00ed junto a tu banda y crear tus propias cosas; ahora, la mayor\u00eda de las bandas se quedan en sus casas y graban todo con alg\u00fan software en sus computadoras, \u00a1y suena bien! Ese no es el problema. No es dif\u00edcil sonar genial en estos d\u00edas, lo dif\u00edcil es sonar \u00fanico. La gente tiene acceso a tanta informaci\u00f3n, que ahora escriben m\u00fasica como si siguieran una receta sin importarles si est\u00e1n haciendo algo realmente creativo.<\/p>\n\n\n\n<p>De hecho, el 90% de las bandas de metal de la actualidad lo hacen as\u00ed [Risas], pero todav\u00eda hay algunas por ah\u00ed que tratan de hacerlo de forma distinta y lo aprecio bastante, pero la mayor\u00eda no lo hacen.<\/p>\n\n\n\n<p><strong>Estar\u00e1s en M\u00e9xico este a\u00f1o junto a Leprous, \u00bfhabr\u00e1 algo nuevo para tus fans nacionales?<\/strong><\/p>\n\n\n\n<p>\u00a1Claro! Lanzamos dos \u00e1lbumes desde la \u00faltima vez que fuimos a M\u00e9xico, as\u00ed que queremos tocar canciones de esos discos, aunque tambi\u00e9n habr\u00e1 material de lo antiguo. Por supuesto, en nuestros shows individuales tocaremos un set m\u00e1s largo y en el M\u00e9xico Metal Fest tocaremos un m\u00e1ximo de una hora, por mucho, lo normal. <\/p>\n\n\n\n<p>Por supuesto, Leprous ha cambiado desde la \u00faltima ocasi\u00f3n que nos vimos as\u00ed que estamos muy emocionados.<\/p>\n\n\n\n<p><strong>\u00bfQu\u00e9 esperas para el futuro para ti, para Einar Solberg?<\/strong><\/p>\n\n\n\n<p>No s\u00e9 que pasar\u00e1, pero te puedo decir que deseo que suceda. Nada sale como planeas en la vida de todas formas [Risas] Quiero continuar con mis dos proyectos y que puedan vivir en armon\u00eda; quisiera tener un par de a\u00f1os para dedicarme exclusivamente en uno de los proyectos y luego otros dos a\u00f1os para dedicarme al que dej\u00e9 en pausa.<\/p>\n\n\n\n<p>Leprous ser\u00e1 siempre mi prioridad principal, pues es la banda m\u00e1s grande y hace m\u00e1s sentido desde una perspectiva econ\u00f3mica, tiene muchos m\u00e1s fans que quieren vernos tocar. Mi proyecto en solitario necesita m\u00e1s tiempo de desarrollo antes de que eso suceda.<\/p>\n","protected":false},"excerpt":{"rendered":"<p>Leprous es una de las bandas m\u00e1s importantes del movimiento progresivo desde hace una d\u00e9cada. Los noruegos han sabido ganarse un lugar de preponderancia dentro de los fans del g\u00e9nero y alcanzaron la fama mundial con el lanzamiento de sus dos \u00faltimos \u00e1lbumes de estudio, &#8216;Pitfalls&#8216; y &#8216;Aphelion&#8216;. Ahora, su l\u00edder, Einar Solberg ha decido probar con algo diferente. Este mes, el cantante ha lanzado &#8217;16&#8217;, su primer \u00e1lbum en solitario, un trabajo introspectivo y personal, que narra las historias [&hellip;]<\/p>\n","protected":false},"author":1,"featured_media":52872,"comment_status":"open","ping_status":"open","sticky":false,"template":"","format":"standard","meta":{"footnotes":""},"categories":[445],"tags":[4390,3836,546],"class_list":["post-52869","post","type-post","status-publish","format-standard","has-post-thumbnail","hentry","category-entrevistas","tag-4390","tag-einar-solberg","tag-leprous"],"_links":{"self":[{"href":"https:\/\/summainferno.com\/en\/wp-json\/wp\/v2\/posts\/52869","targetHints":{"allow":["GET"]}}],"collection":[{"href":"https:\/\/summainferno.com\/en\/wp-json\/wp\/v2\/posts"}],"about":[{"href":"https:\/\/summainferno.com\/en\/wp-json\/wp\/v2\/types\/post"}],"author":[{"embeddable":true,"href":"https:\/\/summainferno.com\/en\/wp-json\/wp\/v2\/users\/1"}],"replies":[{"embeddable":true,"href":"https:\/\/summainferno.com\/en\/wp-json\/wp\/v2\/comments?post=52869"}],"version-history":[{"count":28,"href":"https:\/\/summainferno.com\/en\/wp-json\/wp\/v2\/posts\/52869\/revisions"}],"predecessor-version":[{"id":56140,"href":"https:\/\/summainferno.com\/en\/wp-json\/wp\/v2\/posts\/52869\/revisions\/56140"}],"wp:featuredmedia":[{"embeddable":true,"href":"https:\/\/summainferno.com\/en\/wp-json\/wp\/v2\/media\/52872"}],"wp:attachment":[{"href":"https:\/\/summainferno.com\/en\/wp-json\/wp\/v2\/media?parent=52869"}],"wp:term":[{"taxonomy":"category","embeddable":true,"href":"https:\/\/summainferno.com\/en\/wp-json\/wp\/v2\/categories?post=52869"},{"taxonomy":"post_tag","embeddable":true,"href":"https:\/\/summainferno.com\/en\/wp-json\/wp\/v2\/tags?post=52869"}],"curies":[{"name":"wp","href":"https:\/\/api.w.org\/{rel}","templated":true}]}}