{"id":52699,"date":"2023-05-18T09:45:58","date_gmt":"2023-05-18T15:45:58","guid":{"rendered":"https:\/\/summainferno.com\/?p=52699"},"modified":"2023-05-18T09:45:59","modified_gmt":"2023-05-18T15:45:59","slug":"blackie-lawless-w-a-s-p-se-lesiona-la-espalda-durante-su-gira","status":"publish","type":"post","link":"https:\/\/summainferno.com\/en\/blackie-lawless-w-a-s-p-se-lesiona-la-espalda-durante-su-gira\/","title":{"rendered":"Blackie Lawless [W.A.S.P.] se lesiona la espalda durante su gira"},"content":{"rendered":"<p><strong>Blackie Lawless<\/strong>, leader of <strong>WASP<\/strong> sufri\u00f3 una lesi\u00f3n en la espalda durante la gira celebrando el 40 aniversario de la banda; sin embargo, el cantante ha decidido seguir con los shows, usando una silla para continuar con los mismos.<\/p>\n\n\n\n<p><em>\u201cComo muchos de ustedes ya saben, tuve un serio contratiempo a manos de un m\u00e9dico muy poco calificado aqu\u00ed en Europa aproximadamente 2 semanas despu\u00e9s de la gira. He estado recibiendo tratamiento en un hospital en Berl\u00edn y mi equipo de m\u00e9dicos ha sido fant\u00e1stico. Pero, al mismo tiempo, me recomendaron encarecidamente que detuviera la gira y volviera a Los \u00c1ngeles y comenzara mi rehabilitaci\u00f3n. Pero es dif\u00edcil para ellos entender, este es el \u00fanico 40 aniversario que tendr\u00e9, sin mencionar que los fans que nos han apoyado todo este tiempo han esperado m\u00e1s de 3 a\u00f1os y debido a la pandemia sufrieron 3 series diferentes aplazamientos de giras.<\/em><\/p>\n\n\n\n<p><em>Al principio, los m\u00e9dicos me dijeron que sin descanso ni rehabilitaci\u00f3n definitivamente empeorar\u00eda mi situaci\u00f3n. A pesar de lo duro que he tratado de llevar a cabo los conciertos, ten\u00edan raz\u00f3n. El show de anoche en Z\u00farich fue interrumpido durante 2 canciones, y me disculpo por eso, pero el dolor lleg\u00f3 a un punto en el que ya no pude tocar y dur\u00f3 todo el show. Mis piernas me estaban fallando y se puso peligroso. No podr\u00e9 estar de pie para hacer los 5 shows restantes, as\u00ed que el compromiso que llegu\u00e9 con los docotores fue si me quedaba sentado, en una silla para hacer estos \u00faltimos 5, luego me dar\u00edan permiso para terminar la gira.<\/em><\/p>\n\n\n\n<p><em>Nunca hab\u00eda hecho esto antes, pero por favor entiendan, mi intenci\u00f3n es terminar esta gira, pase lo que pase, y darle a mis incre\u00edblemente dedicados fans, que ha estado con nosotros desde el principio, el espect\u00e1culo que todos quieren. Adem\u00e1s, vamos a convertir la silla en &#8216;Elvis&#8217;. Oye, ha estado con nosotros todo el tiempo y terminar\u00e1 esta gira junto a m\u00ed porque es b\u00e1sicamente uno de la banda.&#8221;<\/em><\/p>\n\n\n\n<figure class=\"wp-block-embed is-type-video is-provider-youtube wp-block-embed-youtube wp-embed-aspect-16-9 wp-has-aspect-ratio\"><div class=\"wp-block-embed__wrapper\">\n<iframe class=\"zeen-lazy-load-base zeen-lazy-load\" title=\"W.A.S.P. - 01 On Your Knees + Flame + Torture Never Stops + Inside Electric Circus - Brno 15.5.2023\" width=\"1200\" height=\"675\" src=\"about:blank\" data-lazy-src=\"https:\/\/www.youtube.com\/embed\/yaM3_hm_08k?feature=oembed\" frameborder=\"0\" allow=\"accelerometer; autoplay; clipboard-write; encrypted-media; gyroscope; picture-in-picture; web-share\" allowfullscreen><\/iframe><noscript><iframe title=\"W.A.S.P. - 01 On Your Knees + Flame + Torture Never Stops + Inside Electric Circus - Brno 15.5.2023\" width=\"1200\" height=\"675\" src=\"https:\/\/www.youtube.com\/embed\/yaM3_hm_08k?feature=oembed\" frameborder=\"0\" allow=\"accelerometer; autoplay; clipboard-write; encrypted-media; gyroscope; picture-in-picture; web-share\" allowfullscreen><\/iframe><\/noscript>\n<\/div><\/figure>","protected":false},"excerpt":{"rendered":"<p>Blackie Lawless, l\u00edder de W.A.S.P. sufri\u00f3 una lesi\u00f3n en la espalda durante la gira celebrando el 40 aniversario de la banda; sin embargo, el cantante ha decidido seguir con los shows, usando una silla para continuar con los mismos. \u201cComo muchos de ustedes ya saben, tuve un serio contratiempo a manos de un m\u00e9dico muy poco calificado aqu\u00ed en Europa aproximadamente 2 semanas despu\u00e9s de la gira. He estado recibiendo tratamiento en un hospital en Berl\u00edn y mi equipo de [&hellip;]<\/p>\n","protected":false},"author":1,"featured_media":44725,"comment_status":"open","ping_status":"open","sticky":false,"template":"","format":"standard","meta":{"footnotes":""},"categories":[171,260],"tags":[4380,4003],"class_list":["post-52699","post","type-post","status-publish","format-standard","has-post-thumbnail","hentry","category-heavy-metal","category-new","tag-blackie-lawless","tag-wasp"],"_links":{"self":[{"href":"https:\/\/summainferno.com\/en\/wp-json\/wp\/v2\/posts\/52699","targetHints":{"allow":["GET"]}}],"collection":[{"href":"https:\/\/summainferno.com\/en\/wp-json\/wp\/v2\/posts"}],"about":[{"href":"https:\/\/summainferno.com\/en\/wp-json\/wp\/v2\/types\/post"}],"author":[{"embeddable":true,"href":"https:\/\/summainferno.com\/en\/wp-json\/wp\/v2\/users\/1"}],"replies":[{"embeddable":true,"href":"https:\/\/summainferno.com\/en\/wp-json\/wp\/v2\/comments?post=52699"}],"version-history":[{"count":2,"href":"https:\/\/summainferno.com\/en\/wp-json\/wp\/v2\/posts\/52699\/revisions"}],"predecessor-version":[{"id":52702,"href":"https:\/\/summainferno.com\/en\/wp-json\/wp\/v2\/posts\/52699\/revisions\/52702"}],"wp:featuredmedia":[{"embeddable":true,"href":"https:\/\/summainferno.com\/en\/wp-json\/wp\/v2\/media\/44725"}],"wp:attachment":[{"href":"https:\/\/summainferno.com\/en\/wp-json\/wp\/v2\/media?parent=52699"}],"wp:term":[{"taxonomy":"category","embeddable":true,"href":"https:\/\/summainferno.com\/en\/wp-json\/wp\/v2\/categories?post=52699"},{"taxonomy":"post_tag","embeddable":true,"href":"https:\/\/summainferno.com\/en\/wp-json\/wp\/v2\/tags?post=52699"}],"curies":[{"name":"wp","href":"https:\/\/api.w.org\/{rel}","templated":true}]}}