{"id":52551,"date":"2023-05-08T19:30:21","date_gmt":"2023-05-09T01:30:21","guid":{"rendered":"https:\/\/summainferno.com\/?p=52551"},"modified":"2023-05-08T19:31:50","modified_gmt":"2023-05-09T01:31:50","slug":"david-ellefson-sobre-dave-mustaine-es-patetico-que-siga-llorando-por-metallica","status":"publish","type":"post","link":"https:\/\/summainferno.com\/en\/david-ellefson-sobre-dave-mustaine-es-patetico-que-siga-llorando-por-metallica\/","title":{"rendered":"David Ellefson sobre Dave Mustaine, &#8220;Es pat\u00e9tico que siga llorando por Metallica&#8217;"},"content":{"rendered":"\n<p>David Ellefson, ex-bajista de Megadeth habl\u00f3 recientemente con el sitio Heavy Talk sobre su salida de la banda y despotric\u00f3 contra Dave Mustaine por haberle negado la oportunidad de redimirse luego de las acusaciones sobre un supuesto abuso hacia una chica menor que \u00e9l.<\/p>\n\n\n\n<p><em>&#8220;Mira, no tengo m\u00e1s remedio que perdonarlo para poder seguir adelante. As\u00ed que no s\u00e9 qu\u00e9 m\u00e1s decir al respecto aparte de eso. A final de cuentas, el da\u00f1o ya est\u00e1 hecho. As\u00ed que sigue adelante. Todos somos humanos, y as\u00ed es esto. He visto de primera mano como ha manejado su despido de Metallica. \u00a1Se sigue quejando de eso luego de 40 a\u00f1os y bueno, creo que es est\u00fapidamente pat\u00e9tico. Arregla tu mierda y sigue adelante, esa es la forma en que yo he decidido lidiar con esto&#8221;<\/em>, dijo Ellefson.<\/p>\n\n\n\n<p><em>&#8220;Cuando sali\u00f3 el \u00faltimo disco de Megadeth, yo lanc\u00e9 cuatro discos distintos y todos son tan buenos como ese. Son pura calidad y adem\u00e1s estoy trabajando con grandes personas. Tal vez no sean famosos, pero no importa. Son gente segura, confiable, hombres \u00edntegros y eso hace una gran diferencia. Me siento seguro a su lado. Y el proceso creativo es divertido. No es restrictivo. Es ilimitado. Y as\u00ed ha ocurrido esta explosi\u00f3n creativa. Y de nuevo, escucha, no estoy tratando de estar en 85 bandas ni nada, pero en alg\u00fan momento todo estaba listo y dije &#8216;A la mierda, los lanzamos todos&#8217; y me sent\u00ed bien con ello. Fue un final extra\u00f1o para esa parte de mi vida.&#8221;<\/em><\/p>\n\n\n\n<p><em>&#8220;Cuando conoc\u00ed a Dave, inmediatamente supe tres cosas: la primera, nuestra banda iba a tener \u00e9xito; la segunda, iba a ser mucho trabajo; y la tercera, un d\u00eda esto iba a terminar muy mal. [Risas] Aunque ciertamente no lo vi terminar as\u00ed y parte de m\u00ed siempre piensa, &#8216;\u00bfEs realmente el final de la historia?&#8217; Quiero decir, mira c\u00f3mo termin\u00f3 en 2002. En 2004 y 2005, estuvimos en litigios por asuntos comerciales y esas cosas y termin\u00e9 volviendo a la banda. As\u00ed que prefiero no faltarle el respeto y enojarme. Estas son cosas que resuelves en privado, no en p\u00fablico. Y a la prensa le gustaba tener un d\u00eda de campo con eso porque era un buen clickbait all\u00ed durante una temporada. Pero la verdad es que Dave y yo no estamos hablando de eso ahora y es por eso que ya no hablo de eso. En alg\u00fan momento, sigues adelante y dejas que la m\u00fasica hable&#8221;.<\/em><\/p>\n\n\n\n<figure class=\"wp-block-embed is-type-video is-provider-youtube wp-block-embed-youtube wp-embed-aspect-16-9 wp-has-aspect-ratio\"><div class=\"wp-block-embed__wrapper\">\n<iframe class=\"zeen-lazy-load-base zeen-lazy-load\" title=\"DAVID ELLEFSON | Dieth, Sa\u00edda do Megadeth, Kiko Loureiro e Brasil | Heavy Talk\" width=\"1200\" height=\"675\" src=\"about:blank\" data-lazy-src=\"https:\/\/www.youtube.com\/embed\/2VbRjlsCU4U?feature=oembed\" frameborder=\"0\" allow=\"accelerometer; autoplay; clipboard-write; encrypted-media; gyroscope; picture-in-picture; web-share\" allowfullscreen><\/iframe><noscript><iframe title=\"DAVID ELLEFSON | Dieth, Sa\u00edda do Megadeth, Kiko Loureiro e Brasil | Heavy Talk\" width=\"1200\" height=\"675\" src=\"https:\/\/www.youtube.com\/embed\/2VbRjlsCU4U?feature=oembed\" frameborder=\"0\" allow=\"accelerometer; autoplay; clipboard-write; encrypted-media; gyroscope; picture-in-picture; web-share\" allowfullscreen><\/iframe><\/noscript>\n<\/div><\/figure>\n","protected":false},"excerpt":{"rendered":"<p>David Ellefson, ex-bajista de Megadeth habl\u00f3 recientemente con el sitio Heavy Talk sobre su salida de la banda y despotric\u00f3 contra Dave Mustaine por haberle negado la oportunidad de redimirse luego de las acusaciones sobre un supuesto abuso hacia una chica menor que \u00e9l. &#8220;Mira, no tengo m\u00e1s remedio que perdonarlo para poder seguir adelante. As\u00ed que no s\u00e9 qu\u00e9 m\u00e1s decir al respecto aparte de eso. A final de cuentas, el da\u00f1o ya est\u00e1 hecho. As\u00ed que sigue adelante. [&hellip;]<\/p>\n","protected":false},"author":1,"featured_media":52555,"comment_status":"open","ping_status":"open","sticky":false,"template":"","format":"standard","meta":{"footnotes":""},"categories":[260,620],"tags":[552,619,388,505],"class_list":["post-52551","post","type-post","status-publish","format-standard","has-post-thumbnail","hentry","category-new","category-thrash-metal","tag-dave-mustaine","tag-david-ellefson","tag-megadeth","tag-metallica"],"_links":{"self":[{"href":"https:\/\/summainferno.com\/en\/wp-json\/wp\/v2\/posts\/52551","targetHints":{"allow":["GET"]}}],"collection":[{"href":"https:\/\/summainferno.com\/en\/wp-json\/wp\/v2\/posts"}],"about":[{"href":"https:\/\/summainferno.com\/en\/wp-json\/wp\/v2\/types\/post"}],"author":[{"embeddable":true,"href":"https:\/\/summainferno.com\/en\/wp-json\/wp\/v2\/users\/1"}],"replies":[{"embeddable":true,"href":"https:\/\/summainferno.com\/en\/wp-json\/wp\/v2\/comments?post=52551"}],"version-history":[{"count":2,"href":"https:\/\/summainferno.com\/en\/wp-json\/wp\/v2\/posts\/52551\/revisions"}],"predecessor-version":[{"id":52554,"href":"https:\/\/summainferno.com\/en\/wp-json\/wp\/v2\/posts\/52551\/revisions\/52554"}],"wp:featuredmedia":[{"embeddable":true,"href":"https:\/\/summainferno.com\/en\/wp-json\/wp\/v2\/media\/52555"}],"wp:attachment":[{"href":"https:\/\/summainferno.com\/en\/wp-json\/wp\/v2\/media?parent=52551"}],"wp:term":[{"taxonomy":"category","embeddable":true,"href":"https:\/\/summainferno.com\/en\/wp-json\/wp\/v2\/categories?post=52551"},{"taxonomy":"post_tag","embeddable":true,"href":"https:\/\/summainferno.com\/en\/wp-json\/wp\/v2\/tags?post=52551"}],"curies":[{"name":"wp","href":"https:\/\/api.w.org\/{rel}","templated":true}]}}