{"id":52431,"date":"2023-04-29T12:32:23","date_gmt":"2023-04-29T18:32:23","guid":{"rendered":"https:\/\/summainferno.com\/?p=52431"},"modified":"2023-04-29T12:32:24","modified_gmt":"2023-04-29T18:32:24","slug":"aun-falta-una-sorpresa-para-la-pre-fiesta-candelabrum-metal-fest","status":"publish","type":"post","link":"https:\/\/summainferno.com\/en\/aun-falta-una-sorpresa-para-la-pre-fiesta-candelabrum-metal-fest\/","title":{"rendered":"&#8220;Aun falta una sorpresa para la pre-fiesta&#8221; Candelabrum Metal Fest"},"content":{"rendered":"<p><\/p>\n\n\n\n<p>He <strong>Candelabrum Metal Fest<\/strong> se posiciona como un festival que se volver\u00e1 tradici\u00f3n obligada dentro de la escena del metal en M\u00e9xico. Su primera edici\u00f3n fue un rotundo \u00e9xito y ahora viene una segunda edici\u00f3n los<strong> pr\u00f3ximos 02 y 03 de septiembre<\/strong> con muchas bandas que no imagin\u00e1bamos alguien fuera a traer, sumadas a grandes nombres de calidad. De esto y m\u00e1s platicamos con <strong>Kezhia Quintero<\/strong>, organizador del festival. <\/p>\n\n\n\n<p><strong>Con tan solo una edici\u00f3n Candelabrum se posicion\u00f3 de inmediato en el gusto de la gente y se convirti\u00f3 en un referente dentro de la escena de festivales de metal en M\u00e9xico \u00bfCual consideras es la clave detr\u00e1s de esto?<\/strong><\/p>\n\n\n\n<p><em>Yo considero que la clave de lo mencionado es que se trabaj\u00f3 con profesionalismo , fuimos puntuales y es un festival c\u00f3modo para los asistentes.<\/em><\/p>\n\n\n\n<p><em>&#8211;<\/em><strong>Mucha gente se pregunta por qu\u00e9 elegir la Ciudad de Le\u00f3n, por encima de las tradicionales sedes como son CDMX , Gdl o Mty<\/strong><\/p>\n\n\n\n<p><em>Justo para no competir con otros festivales, seleccionamos Le\u00f3n por ser una ciudad cercana a muchas ciudades donde hay mucha gente metalera. El venue es c\u00f3modo, c\u00e9ntrico y con todas las comodidades cerca como hoteles, central de autob\u00fas y aeropuerto.<\/em><\/p>\n\n\n\n<p><em>&#8211;<\/em><strong>Este a\u00f1o Candelabrum vuelve a soprender con un cartel lleno de bandas de renombre, algunas incluso que nunca han venido \u00bfCual es su criterio al momento de hacer la curadur\u00eda del cartel?&nbsp;<\/strong><\/p>\n\n\n\n<p><em>La curadur\u00eda del festival est\u00e1 dirigida al p\u00fablico de nicho, que le gusta m\u00e1s una escena under, es un segmento del metalhead que no siempre tiene oportunidad de ver a sus bandas en un escenario grande.<\/em><\/p>\n\n\n\n<p><strong>-Seguramente como organizador tambi\u00e9n te diste el tiempo de ver algunas bandas el a\u00f1o pasado y querr\u00e1s ver algunas este a\u00f1o. M\u00e1s como fan \u00bfCual fue el acto que m\u00e1s disfrutaste el a\u00f1o pasado y cual uno de los que m\u00e1s esperas ver esta edici\u00f3n?&nbsp;<\/strong><\/p>\n\n\n\n<p><em>El a\u00f1o pasado qued\u00e9 sorprendido con Midnight y Sigh, obvio Carcass y Overkill pero son bandas garant\u00eda, algo nuevo fueron Midnight y Sigh. Este a\u00f1o tengo muchas ganas de ver a Vio-lence y Autopsy, soy fan desde muy chavo. Tengo mucha curiosidad de ver tambi\u00e9n a Hulder en vivo.<\/em><\/p>\n\n\n\n<figure class=\"wp-block-image size-large\"><img decoding=\"async\" width=\"641\" height=\"1024\" loading=\"lazy\" src=\"https:\/\/summainferno.com\/wp-content\/uploads\/2023\/04\/candelabrum-metal-fest-II-2023-bandas-cartel-final-768x1227-1-641x1024.jpg\" alt=\"\" class=\"wp-image-52433\" title=\"\" srcset=\"https:\/\/summainferno.com\/wp-content\/uploads\/2023\/04\/candelabrum-metal-fest-II-2023-bandas-cartel-final-768x1227-1-641x1024.jpg 641w, https:\/\/summainferno.com\/wp-content\/uploads\/2023\/04\/candelabrum-metal-fest-II-2023-bandas-cartel-final-768x1227-1-188x300.jpg 188w, https:\/\/summainferno.com\/wp-content\/uploads\/2023\/04\/candelabrum-metal-fest-II-2023-bandas-cartel-final-768x1227-1-380x607.jpg 380w, https:\/\/summainferno.com\/wp-content\/uploads\/2023\/04\/candelabrum-metal-fest-II-2023-bandas-cartel-final-768x1227-1-760x1214.jpg 760w, https:\/\/summainferno.com\/wp-content\/uploads\/2023\/04\/candelabrum-metal-fest-II-2023-bandas-cartel-final-768x1227-1-376x600.jpg 376w, https:\/\/summainferno.com\/wp-content\/uploads\/2023\/04\/candelabrum-metal-fest-II-2023-bandas-cartel-final-768x1227-1.jpg 768w\" sizes=\"auto, (max-width: 641px) 100vw, 641px\" \/><noscript><img decoding=\"async\" width=\"641\" height=\"1024\" src=\"https:\/\/summainferno.com\/wp-content\/uploads\/2023\/04\/candelabrum-metal-fest-II-2023-bandas-cartel-final-768x1227-1-641x1024.jpg\" alt=\"\" class=\"wp-image-52433\" title=\"\" srcset=\"https:\/\/summainferno.com\/wp-content\/uploads\/2023\/04\/candelabrum-metal-fest-II-2023-bandas-cartel-final-768x1227-1-641x1024.jpg 641w, https:\/\/summainferno.com\/wp-content\/uploads\/2023\/04\/candelabrum-metal-fest-II-2023-bandas-cartel-final-768x1227-1-188x300.jpg 188w, https:\/\/summainferno.com\/wp-content\/uploads\/2023\/04\/candelabrum-metal-fest-II-2023-bandas-cartel-final-768x1227-1-380x607.jpg 380w, https:\/\/summainferno.com\/wp-content\/uploads\/2023\/04\/candelabrum-metal-fest-II-2023-bandas-cartel-final-768x1227-1-760x1214.jpg 760w, https:\/\/summainferno.com\/wp-content\/uploads\/2023\/04\/candelabrum-metal-fest-II-2023-bandas-cartel-final-768x1227-1-376x600.jpg 376w, https:\/\/summainferno.com\/wp-content\/uploads\/2023\/04\/candelabrum-metal-fest-II-2023-bandas-cartel-final-768x1227-1.jpg 768w\" sizes=\"(max-width: 641px) 100vw, 641px\" \/><\/noscript><\/figure>\n\n\n\n<p><strong>-Todos los festivales tienen aciertos y tambi\u00e9n \u00e1reas de oportunidad a trabajar \u00bfHay alguna consideras un pendiente a apuntalar este a\u00f1o?&nbsp;<\/strong><\/p>\n\n\n\n<p><em>Afortunadamente hubo pocos puntos que el p\u00fablico nos se\u00f1al\u00f3 como para modificar, uno de ellos la distancia de la valla al stage, definitivamente es algo a cambiar este a\u00f1o.<\/em><\/p>\n\n\n\n<p><em>&#8211;<\/em><strong>Al momento de escribir este texto la \u00faltima banda revelada fueron los thrashers de Vio-Lence \u00bfCuantas bandas m\u00e1s aproximadamente faltan por anunciarse y se vale alguna pista?<\/strong><em>&nbsp;<\/em><\/p>\n\n\n\n<p><em>Con Vio-lence se cerr\u00f3 el lineup 2023<\/em>&nbsp;<\/p>\n\n\n\n<p><em>&#8211;<\/em><strong>Adem\u00e1s de lo musical \u00bfCu\u00e1les son las amenidades y comodidades que el festival ofrece esta edici\u00f3n para sus asistentes?&nbsp;<\/strong><\/p>\n\n\n\n<p><em>Tendremos \u00e1reas de descanso como el a\u00f1o anterior, m\u00e1s opciones de comida y bebida, ba\u00f1os limpios y todo para que est\u00e9n a gusto y c\u00f3modos.<\/em><\/p>\n\n\n\n<p><em>&#8211;<\/em><strong>Para finalizar \u00bfAlg\u00fan mensaje que quieras dejar para quienes ya tienen su boleto, o para quienes aun est\u00e9n titubeando en adquirirlo?<\/strong><\/p>\n\n\n\n<p><em>Les agradecemos a todos su apoyo, tanto a Summa como a los fans; de verdad es un gusto leer a todos cada post y los esperamos en septiembre. A\u00fan falta una sorpresa para la pre-fiesta, est\u00e9n pendientes.<\/em><\/p>\n\n\n\n<figure class=\"wp-block-image size-full\"><img decoding=\"async\" width=\"1024\" height=\"1024\" loading=\"lazy\" src=\"https:\/\/summainferno.com\/wp-content\/uploads\/2023\/04\/Candelabrum-Boletos-1024x1024-1.jpeg\" alt=\"\" class=\"wp-image-52432\" title=\"\" srcset=\"https:\/\/summainferno.com\/wp-content\/uploads\/2023\/04\/Candelabrum-Boletos-1024x1024-1.jpeg 1024w, https:\/\/summainferno.com\/wp-content\/uploads\/2023\/04\/Candelabrum-Boletos-1024x1024-1-300x300.jpeg 300w, https:\/\/summainferno.com\/wp-content\/uploads\/2023\/04\/Candelabrum-Boletos-1024x1024-1-150x150.jpeg 150w, https:\/\/summainferno.com\/wp-content\/uploads\/2023\/04\/Candelabrum-Boletos-1024x1024-1-768x768.jpeg 768w, https:\/\/summainferno.com\/wp-content\/uploads\/2023\/04\/Candelabrum-Boletos-1024x1024-1-80x80.jpeg 80w, https:\/\/summainferno.com\/wp-content\/uploads\/2023\/04\/Candelabrum-Boletos-1024x1024-1-110x110.jpeg 110w, https:\/\/summainferno.com\/wp-content\/uploads\/2023\/04\/Candelabrum-Boletos-1024x1024-1-380x380.jpeg 380w, https:\/\/summainferno.com\/wp-content\/uploads\/2023\/04\/Candelabrum-Boletos-1024x1024-1-800x800.jpeg 800w, https:\/\/summainferno.com\/wp-content\/uploads\/2023\/04\/Candelabrum-Boletos-1024x1024-1-24x24.jpeg 24w, https:\/\/summainferno.com\/wp-content\/uploads\/2023\/04\/Candelabrum-Boletos-1024x1024-1-48x48.jpeg 48w, https:\/\/summainferno.com\/wp-content\/uploads\/2023\/04\/Candelabrum-Boletos-1024x1024-1-96x96.jpeg 96w, https:\/\/summainferno.com\/wp-content\/uploads\/2023\/04\/Candelabrum-Boletos-1024x1024-1-160x160.jpeg 160w, https:\/\/summainferno.com\/wp-content\/uploads\/2023\/04\/Candelabrum-Boletos-1024x1024-1-220x220.jpeg 220w, https:\/\/summainferno.com\/wp-content\/uploads\/2023\/04\/Candelabrum-Boletos-1024x1024-1-760x760.jpeg 760w, https:\/\/summainferno.com\/wp-content\/uploads\/2023\/04\/Candelabrum-Boletos-1024x1024-1-192x192.jpeg 192w, https:\/\/summainferno.com\/wp-content\/uploads\/2023\/04\/Candelabrum-Boletos-1024x1024-1-600x600.jpeg 600w\" sizes=\"auto, (max-width: 1024px) 100vw, 1024px\" \/><noscript><img decoding=\"async\" width=\"1024\" height=\"1024\" src=\"https:\/\/summainferno.com\/wp-content\/uploads\/2023\/04\/Candelabrum-Boletos-1024x1024-1.jpeg\" alt=\"\" class=\"wp-image-52432\" title=\"\" srcset=\"https:\/\/summainferno.com\/wp-content\/uploads\/2023\/04\/Candelabrum-Boletos-1024x1024-1.jpeg 1024w, https:\/\/summainferno.com\/wp-content\/uploads\/2023\/04\/Candelabrum-Boletos-1024x1024-1-300x300.jpeg 300w, https:\/\/summainferno.com\/wp-content\/uploads\/2023\/04\/Candelabrum-Boletos-1024x1024-1-150x150.jpeg 150w, https:\/\/summainferno.com\/wp-content\/uploads\/2023\/04\/Candelabrum-Boletos-1024x1024-1-768x768.jpeg 768w, https:\/\/summainferno.com\/wp-content\/uploads\/2023\/04\/Candelabrum-Boletos-1024x1024-1-80x80.jpeg 80w, https:\/\/summainferno.com\/wp-content\/uploads\/2023\/04\/Candelabrum-Boletos-1024x1024-1-110x110.jpeg 110w, https:\/\/summainferno.com\/wp-content\/uploads\/2023\/04\/Candelabrum-Boletos-1024x1024-1-380x380.jpeg 380w, https:\/\/summainferno.com\/wp-content\/uploads\/2023\/04\/Candelabrum-Boletos-1024x1024-1-800x800.jpeg 800w, https:\/\/summainferno.com\/wp-content\/uploads\/2023\/04\/Candelabrum-Boletos-1024x1024-1-24x24.jpeg 24w, https:\/\/summainferno.com\/wp-content\/uploads\/2023\/04\/Candelabrum-Boletos-1024x1024-1-48x48.jpeg 48w, https:\/\/summainferno.com\/wp-content\/uploads\/2023\/04\/Candelabrum-Boletos-1024x1024-1-96x96.jpeg 96w, https:\/\/summainferno.com\/wp-content\/uploads\/2023\/04\/Candelabrum-Boletos-1024x1024-1-160x160.jpeg 160w, https:\/\/summainferno.com\/wp-content\/uploads\/2023\/04\/Candelabrum-Boletos-1024x1024-1-220x220.jpeg 220w, https:\/\/summainferno.com\/wp-content\/uploads\/2023\/04\/Candelabrum-Boletos-1024x1024-1-760x760.jpeg 760w, https:\/\/summainferno.com\/wp-content\/uploads\/2023\/04\/Candelabrum-Boletos-1024x1024-1-192x192.jpeg 192w, https:\/\/summainferno.com\/wp-content\/uploads\/2023\/04\/Candelabrum-Boletos-1024x1024-1-600x600.jpeg 600w\" sizes=\"(max-width: 1024px) 100vw, 1024px\" \/><\/noscript><\/figure>\n\n\n\n<p><\/p>","protected":false},"excerpt":{"rendered":"<p>El Candelabrum Metal Fest se posiciona como un festival que se volver\u00e1 tradici\u00f3n obligada dentro de la escena del metal en M\u00e9xico. Su primera edici\u00f3n fue un rotundo \u00e9xito y ahora viene una segunda edici\u00f3n los pr\u00f3ximos 02 y 03 de septiembre con muchas bandas que no imagin\u00e1bamos alguien fuera a traer, sumadas a grandes nombres de calidad. De esto y m\u00e1s platicamos con Kezhia Quintero, organizador del festival. Con tan solo una edici\u00f3n Candelabrum se posicion\u00f3 de inmediato en [&hellip;]<\/p>\n","protected":false},"author":9,"featured_media":52436,"comment_status":"open","ping_status":"open","sticky":false,"template":"","format":"standard","meta":{"footnotes":""},"categories":[3016,111,445,464,260],"tags":[3017],"class_list":["post-52431","post","type-post","status-publish","format-standard","has-post-thumbnail","hentry","category-candelabrum-metal-fest","category-destacado","category-entrevistas","category-festivales","category-new","tag-candelabrum"],"_links":{"self":[{"href":"https:\/\/summainferno.com\/en\/wp-json\/wp\/v2\/posts\/52431","targetHints":{"allow":["GET"]}}],"collection":[{"href":"https:\/\/summainferno.com\/en\/wp-json\/wp\/v2\/posts"}],"about":[{"href":"https:\/\/summainferno.com\/en\/wp-json\/wp\/v2\/types\/post"}],"author":[{"embeddable":true,"href":"https:\/\/summainferno.com\/en\/wp-json\/wp\/v2\/users\/9"}],"replies":[{"embeddable":true,"href":"https:\/\/summainferno.com\/en\/wp-json\/wp\/v2\/comments?post=52431"}],"version-history":[{"count":4,"href":"https:\/\/summainferno.com\/en\/wp-json\/wp\/v2\/posts\/52431\/revisions"}],"predecessor-version":[{"id":52438,"href":"https:\/\/summainferno.com\/en\/wp-json\/wp\/v2\/posts\/52431\/revisions\/52438"}],"wp:featuredmedia":[{"embeddable":true,"href":"https:\/\/summainferno.com\/en\/wp-json\/wp\/v2\/media\/52436"}],"wp:attachment":[{"href":"https:\/\/summainferno.com\/en\/wp-json\/wp\/v2\/media?parent=52431"}],"wp:term":[{"taxonomy":"category","embeddable":true,"href":"https:\/\/summainferno.com\/en\/wp-json\/wp\/v2\/categories?post=52431"},{"taxonomy":"post_tag","embeddable":true,"href":"https:\/\/summainferno.com\/en\/wp-json\/wp\/v2\/tags?post=52431"}],"curies":[{"name":"wp","href":"https:\/\/api.w.org\/{rel}","templated":true}]}}