{"id":51876,"date":"2023-03-21T19:48:46","date_gmt":"2023-03-22T01:48:46","guid":{"rendered":"https:\/\/summainferno.com\/?p=51876"},"modified":"2023-03-21T19:48:47","modified_gmt":"2023-03-22T01:48:47","slug":"immortal-anuncia-nuevo-album-y-lanza-sencillo-war-against-all","status":"publish","type":"post","link":"https:\/\/summainferno.com\/en\/immortal-anuncia-nuevo-album-y-lanza-sencillo-war-against-all\/","title":{"rendered":"Immortal anuncia nuevo \u00e1lbum y lanza sencillo, &#8216;War Against All&#8217;"},"content":{"rendered":"<p>La legendaria banda de black metal noruega<strong> Immortal<\/strong>, anunci\u00f3 el lanzamiento de su nuevo \u00e1lbum de estudio llamado &#8216;War Against All&#8217; el cual ver\u00e1 a luz el pr\u00f3ximo 26 de mayo a trav\u00e9s de Nuclear Blast.<\/p>\n\n\n\n<p>The present day, <strong>Demonaz<\/strong> ha liberado el primer tema del \u00e1lbum, el que le da nombre y puedes escucharlo m\u00e1s abajo.<\/p>\n\n\n\n<figure class=\"wp-block-embed is-type-video is-provider-youtube wp-block-embed-youtube wp-embed-aspect-4-3 wp-has-aspect-ratio\"><div class=\"wp-block-embed__wrapper\">\n<iframe class=\"zeen-lazy-load-base zeen-lazy-load\" title=\"War Against All\" width=\"1200\" height=\"900\" src=\"about:blank\" data-lazy-src=\"https:\/\/www.youtube.com\/embed\/xS7UKK_fLM8?feature=oembed\" frameborder=\"0\" allow=\"accelerometer; autoplay; clipboard-write; encrypted-media; gyroscope; picture-in-picture; web-share\" allowfullscreen><\/iframe><noscript><iframe title=\"War Against All\" width=\"1200\" height=\"900\" src=\"https:\/\/www.youtube.com\/embed\/xS7UKK_fLM8?feature=oembed\" frameborder=\"0\" allow=\"accelerometer; autoplay; clipboard-write; encrypted-media; gyroscope; picture-in-picture; web-share\" allowfullscreen><\/iframe><\/noscript>\n<\/div><\/figure>\n\n\n\n<p>\u201cWar Against All fue la primera canci\u00f3n que escrib\u00ed para este \u00e1lbum. Es un tema r\u00e1pido donde los riffs est\u00e1n inspirados en su mayor\u00eda por mis riffs de Battles in the North. Las letras tienen la verdadera sensaci\u00f3n de batalla de Blashyrkh y el estado de \u00e1nimo para una canci\u00f3n de apertura tambi\u00e9n&#8221;.<\/p>\n\n\n\n<figure class=\"wp-block-image size-full is-resized\"><img decoding=\"async\" loading=\"lazy\" src=\"https:\/\/summainferno.com\/wp-content\/uploads\/2023\/03\/337295052_766320088170365_7819670990323845552_n.jpg\" alt=\"\" class=\"wp-image-51879\" width=\"800\" title=\"\" srcset=\"https:\/\/summainferno.com\/wp-content\/uploads\/2023\/03\/337295052_766320088170365_7819670990323845552_n.jpg 600w, https:\/\/summainferno.com\/wp-content\/uploads\/2023\/03\/337295052_766320088170365_7819670990323845552_n-300x300.jpg 300w, https:\/\/summainferno.com\/wp-content\/uploads\/2023\/03\/337295052_766320088170365_7819670990323845552_n-150x150.jpg 150w, https:\/\/summainferno.com\/wp-content\/uploads\/2023\/03\/337295052_766320088170365_7819670990323845552_n-80x80.jpg 80w, https:\/\/summainferno.com\/wp-content\/uploads\/2023\/03\/337295052_766320088170365_7819670990323845552_n-110x110.jpg 110w, https:\/\/summainferno.com\/wp-content\/uploads\/2023\/03\/337295052_766320088170365_7819670990323845552_n-380x380.jpg 380w, https:\/\/summainferno.com\/wp-content\/uploads\/2023\/03\/337295052_766320088170365_7819670990323845552_n-24x24.jpg 24w, https:\/\/summainferno.com\/wp-content\/uploads\/2023\/03\/337295052_766320088170365_7819670990323845552_n-48x48.jpg 48w, https:\/\/summainferno.com\/wp-content\/uploads\/2023\/03\/337295052_766320088170365_7819670990323845552_n-96x96.jpg 96w, https:\/\/summainferno.com\/wp-content\/uploads\/2023\/03\/337295052_766320088170365_7819670990323845552_n-160x160.jpg 160w, https:\/\/summainferno.com\/wp-content\/uploads\/2023\/03\/337295052_766320088170365_7819670990323845552_n-220x220.jpg 220w, https:\/\/summainferno.com\/wp-content\/uploads\/2023\/03\/337295052_766320088170365_7819670990323845552_n-192x192.jpg 192w\" sizes=\"auto, (max-width: 600px) 100vw, 600px\" \/><noscript><img decoding=\"async\" src=\"https:\/\/summainferno.com\/wp-content\/uploads\/2023\/03\/337295052_766320088170365_7819670990323845552_n.jpg\" alt=\"\" class=\"wp-image-51879\" width=\"800\" title=\"\" srcset=\"https:\/\/summainferno.com\/wp-content\/uploads\/2023\/03\/337295052_766320088170365_7819670990323845552_n.jpg 600w, https:\/\/summainferno.com\/wp-content\/uploads\/2023\/03\/337295052_766320088170365_7819670990323845552_n-300x300.jpg 300w, https:\/\/summainferno.com\/wp-content\/uploads\/2023\/03\/337295052_766320088170365_7819670990323845552_n-150x150.jpg 150w, https:\/\/summainferno.com\/wp-content\/uploads\/2023\/03\/337295052_766320088170365_7819670990323845552_n-80x80.jpg 80w, https:\/\/summainferno.com\/wp-content\/uploads\/2023\/03\/337295052_766320088170365_7819670990323845552_n-110x110.jpg 110w, https:\/\/summainferno.com\/wp-content\/uploads\/2023\/03\/337295052_766320088170365_7819670990323845552_n-380x380.jpg 380w, https:\/\/summainferno.com\/wp-content\/uploads\/2023\/03\/337295052_766320088170365_7819670990323845552_n-24x24.jpg 24w, https:\/\/summainferno.com\/wp-content\/uploads\/2023\/03\/337295052_766320088170365_7819670990323845552_n-48x48.jpg 48w, https:\/\/summainferno.com\/wp-content\/uploads\/2023\/03\/337295052_766320088170365_7819670990323845552_n-96x96.jpg 96w, https:\/\/summainferno.com\/wp-content\/uploads\/2023\/03\/337295052_766320088170365_7819670990323845552_n-160x160.jpg 160w, https:\/\/summainferno.com\/wp-content\/uploads\/2023\/03\/337295052_766320088170365_7819670990323845552_n-220x220.jpg 220w, https:\/\/summainferno.com\/wp-content\/uploads\/2023\/03\/337295052_766320088170365_7819670990323845552_n-192x192.jpg 192w\" sizes=\"(max-width: 600px) 100vw, 600px\" \/><\/noscript><\/figure>","protected":false},"excerpt":{"rendered":"<p>La legendaria banda de black metal noruega Immortal, anunci\u00f3 el lanzamiento de su nuevo \u00e1lbum de estudio llamado &#8216;War Against All&#8217; el cual ver\u00e1 a luz el pr\u00f3ximo 26 de mayo a trav\u00e9s de Nuclear Blast. El d\u00eda de hoy, Demonaz ha liberado el primer tema del \u00e1lbum, el que le da nombre y puedes escucharlo m\u00e1s abajo. \u201cWar Against All fue la primera canci\u00f3n que escrib\u00ed para este \u00e1lbum. Es un tema r\u00e1pido donde los riffs est\u00e1n inspirados en [&hellip;]<\/p>\n","protected":false},"author":1,"featured_media":51878,"comment_status":"open","ping_status":"open","sticky":false,"template":"","format":"standard","meta":{"footnotes":""},"categories":[1207,111,260],"tags":[2102],"class_list":["post-51876","post","type-post","status-publish","format-standard","has-post-thumbnail","hentry","category-black-metal","category-destacado","category-new","tag-immortal"],"_links":{"self":[{"href":"https:\/\/summainferno.com\/en\/wp-json\/wp\/v2\/posts\/51876","targetHints":{"allow":["GET"]}}],"collection":[{"href":"https:\/\/summainferno.com\/en\/wp-json\/wp\/v2\/posts"}],"about":[{"href":"https:\/\/summainferno.com\/en\/wp-json\/wp\/v2\/types\/post"}],"author":[{"embeddable":true,"href":"https:\/\/summainferno.com\/en\/wp-json\/wp\/v2\/users\/1"}],"replies":[{"embeddable":true,"href":"https:\/\/summainferno.com\/en\/wp-json\/wp\/v2\/comments?post=51876"}],"version-history":[{"count":1,"href":"https:\/\/summainferno.com\/en\/wp-json\/wp\/v2\/posts\/51876\/revisions"}],"predecessor-version":[{"id":51880,"href":"https:\/\/summainferno.com\/en\/wp-json\/wp\/v2\/posts\/51876\/revisions\/51880"}],"wp:featuredmedia":[{"embeddable":true,"href":"https:\/\/summainferno.com\/en\/wp-json\/wp\/v2\/media\/51878"}],"wp:attachment":[{"href":"https:\/\/summainferno.com\/en\/wp-json\/wp\/v2\/media?parent=51876"}],"wp:term":[{"taxonomy":"category","embeddable":true,"href":"https:\/\/summainferno.com\/en\/wp-json\/wp\/v2\/categories?post=51876"},{"taxonomy":"post_tag","embeddable":true,"href":"https:\/\/summainferno.com\/en\/wp-json\/wp\/v2\/tags?post=51876"}],"curies":[{"name":"wp","href":"https:\/\/api.w.org\/{rel}","templated":true}]}}