{"id":51380,"date":"2023-01-23T13:06:14","date_gmt":"2023-01-23T19:06:14","guid":{"rendered":"https:\/\/summainferno.com\/?p=51380"},"modified":"2023-01-23T13:06:15","modified_gmt":"2023-01-23T19:06:15","slug":"amyl-the-sniffers-llegan-este-viernes-a-guadalajara","status":"publish","type":"post","link":"https:\/\/summainferno.com\/en\/amyl-the-sniffers-llegan-este-viernes-a-guadalajara\/","title":{"rendered":"Amyl &amp; The Sniffers llegan este viernes a Guadalajara"},"content":{"rendered":"<p>Nos espera un viernes de locura total con la llegada por vez primera de <strong>Amyl &amp; The Sniffers<\/strong>, quienes se presentar\u00e1n en <strong><em>C3 Stage<\/em><\/strong>.<\/p>\n\n\n\n<p>Como parte de los preparativos de la segunda edici\u00f3n del <strong>Adverse Festival<\/strong>, la banda oriunda de Melbourne, Australia, promete una muy explosiva presentaci\u00f3n y que a much\u00edsimas personas nos tiene emocionados, y por fin podremos vivirlo en tan solo unos d\u00edas.<\/p>\n\n\n\n<p>El apoyo local correr\u00e1 por cargo de los tapat\u00edos <strong>&#8216;Flores y Fuego&#8217;<\/strong>, agrupaci\u00f3n potente que se ha estado abriendo camino en la escena nacional, y que en esta ocasi\u00f3n han sido elegidos para comenzar con la locura del fin de semana.<\/p>\n\n\n\n<figure class=\"wp-block-image size-large\"><img decoding=\"async\" width=\"1024\" height=\"1024\" loading=\"lazy\" src=\"https:\/\/summainferno.com\/wp-content\/uploads\/2023\/01\/Amyl_FloresyFuego-1024x1024.jpg\" alt=\"\" class=\"wp-image-51381\" title=\"\" srcset=\"https:\/\/summainferno.com\/wp-content\/uploads\/2023\/01\/Amyl_FloresyFuego-1024x1024.jpg 1024w, https:\/\/summainferno.com\/wp-content\/uploads\/2023\/01\/Amyl_FloresyFuego-300x300.jpg 300w, https:\/\/summainferno.com\/wp-content\/uploads\/2023\/01\/Amyl_FloresyFuego-150x150.jpg 150w, https:\/\/summainferno.com\/wp-content\/uploads\/2023\/01\/Amyl_FloresyFuego-768x768.jpg 768w, https:\/\/summainferno.com\/wp-content\/uploads\/2023\/01\/Amyl_FloresyFuego-1536x1536.jpg 1536w, https:\/\/summainferno.com\/wp-content\/uploads\/2023\/01\/Amyl_FloresyFuego-2048x2048.jpg 2048w, https:\/\/summainferno.com\/wp-content\/uploads\/2023\/01\/Amyl_FloresyFuego-80x80.jpg 80w, https:\/\/summainferno.com\/wp-content\/uploads\/2023\/01\/Amyl_FloresyFuego-110x110.jpg 110w, https:\/\/summainferno.com\/wp-content\/uploads\/2023\/01\/Amyl_FloresyFuego-380x380.jpg 380w, https:\/\/summainferno.com\/wp-content\/uploads\/2023\/01\/Amyl_FloresyFuego-800x800.jpg 800w, https:\/\/summainferno.com\/wp-content\/uploads\/2023\/01\/Amyl_FloresyFuego-1160x1160.jpg 1160w, https:\/\/summainferno.com\/wp-content\/uploads\/2023\/01\/Amyl_FloresyFuego-24x24.jpg 24w, https:\/\/summainferno.com\/wp-content\/uploads\/2023\/01\/Amyl_FloresyFuego-48x48.jpg 48w, https:\/\/summainferno.com\/wp-content\/uploads\/2023\/01\/Amyl_FloresyFuego-96x96.jpg 96w, https:\/\/summainferno.com\/wp-content\/uploads\/2023\/01\/Amyl_FloresyFuego-160x160.jpg 160w, https:\/\/summainferno.com\/wp-content\/uploads\/2023\/01\/Amyl_FloresyFuego-220x220.jpg 220w, https:\/\/summainferno.com\/wp-content\/uploads\/2023\/01\/Amyl_FloresyFuego-760x760.jpg 760w, https:\/\/summainferno.com\/wp-content\/uploads\/2023\/01\/Amyl_FloresyFuego-1600x1600.jpg 1600w, https:\/\/summainferno.com\/wp-content\/uploads\/2023\/01\/Amyl_FloresyFuego-192x192.jpg 192w, https:\/\/summainferno.com\/wp-content\/uploads\/2023\/01\/Amyl_FloresyFuego-600x600.jpg 600w\" sizes=\"auto, (max-width: 1024px) 100vw, 1024px\" \/><noscript><img decoding=\"async\" width=\"1024\" height=\"1024\" src=\"https:\/\/summainferno.com\/wp-content\/uploads\/2023\/01\/Amyl_FloresyFuego-1024x1024.jpg\" alt=\"\" class=\"wp-image-51381\" title=\"\" srcset=\"https:\/\/summainferno.com\/wp-content\/uploads\/2023\/01\/Amyl_FloresyFuego-1024x1024.jpg 1024w, https:\/\/summainferno.com\/wp-content\/uploads\/2023\/01\/Amyl_FloresyFuego-300x300.jpg 300w, https:\/\/summainferno.com\/wp-content\/uploads\/2023\/01\/Amyl_FloresyFuego-150x150.jpg 150w, https:\/\/summainferno.com\/wp-content\/uploads\/2023\/01\/Amyl_FloresyFuego-768x768.jpg 768w, https:\/\/summainferno.com\/wp-content\/uploads\/2023\/01\/Amyl_FloresyFuego-1536x1536.jpg 1536w, https:\/\/summainferno.com\/wp-content\/uploads\/2023\/01\/Amyl_FloresyFuego-2048x2048.jpg 2048w, https:\/\/summainferno.com\/wp-content\/uploads\/2023\/01\/Amyl_FloresyFuego-80x80.jpg 80w, https:\/\/summainferno.com\/wp-content\/uploads\/2023\/01\/Amyl_FloresyFuego-110x110.jpg 110w, https:\/\/summainferno.com\/wp-content\/uploads\/2023\/01\/Amyl_FloresyFuego-380x380.jpg 380w, https:\/\/summainferno.com\/wp-content\/uploads\/2023\/01\/Amyl_FloresyFuego-800x800.jpg 800w, https:\/\/summainferno.com\/wp-content\/uploads\/2023\/01\/Amyl_FloresyFuego-1160x1160.jpg 1160w, https:\/\/summainferno.com\/wp-content\/uploads\/2023\/01\/Amyl_FloresyFuego-24x24.jpg 24w, https:\/\/summainferno.com\/wp-content\/uploads\/2023\/01\/Amyl_FloresyFuego-48x48.jpg 48w, https:\/\/summainferno.com\/wp-content\/uploads\/2023\/01\/Amyl_FloresyFuego-96x96.jpg 96w, https:\/\/summainferno.com\/wp-content\/uploads\/2023\/01\/Amyl_FloresyFuego-160x160.jpg 160w, https:\/\/summainferno.com\/wp-content\/uploads\/2023\/01\/Amyl_FloresyFuego-220x220.jpg 220w, https:\/\/summainferno.com\/wp-content\/uploads\/2023\/01\/Amyl_FloresyFuego-760x760.jpg 760w, https:\/\/summainferno.com\/wp-content\/uploads\/2023\/01\/Amyl_FloresyFuego-1600x1600.jpg 1600w, https:\/\/summainferno.com\/wp-content\/uploads\/2023\/01\/Amyl_FloresyFuego-192x192.jpg 192w, https:\/\/summainferno.com\/wp-content\/uploads\/2023\/01\/Amyl_FloresyFuego-600x600.jpg 600w\" sizes=\"(max-width: 1024px) 100vw, 1024px\" \/><\/noscript><\/figure>\n\n\n\n<p>Los boletos siguen disponibles en l\u00ednea en este enlace:\u00a0<a href=\"https:\/\/bit.ly\/3BQDuSX?fbclid=IwAR2dHLNljpcix0PbZKnmmJSOft9oydsitYB5gjMg-vS6tH0pq29ait8zbyE\" target=\"_blank\" rel=\"noreferrer noopener\"><em>https:\/\/bit.ly\/3BQDuSX<\/em><\/a><br>Y tambi\u00e9n puedes adquirirlos en la taquilla del foro y en tiendas Soulflower, adem\u00e1s de que contin\u00faa activa la promoci\u00f3n de ingresar gratis al pre-show adquiriendo tu boleto para el <em><strong>Adverse Festival<\/strong><\/em>.<\/p>\n\n\n\n<p>The show of <strong>Amyl &amp; The Sniffers<\/strong> es para mayores de 18 a\u00f1os y es presentado por <strong>ACK Promote<\/strong> and <strong>Hypnosis<\/strong>.<\/p>","protected":false},"excerpt":{"rendered":"<p>Nos espera un viernes de locura total con la llegada por vez primera de Amyl &amp; The Sniffers, quienes se presentar\u00e1n en C3 Stage. Como parte de los preparativos de la segunda edici\u00f3n del Festival Adverso, la banda oriunda de Melbourne, Australia, promete una muy explosiva presentaci\u00f3n y que a much\u00edsimas personas nos tiene emocionados, y por fin podremos vivirlo en tan solo unos d\u00edas. El apoyo local correr\u00e1 por cargo de los tapat\u00edos &#8216;Flores y Fuego&#8217;, agrupaci\u00f3n potente que [&hellip;]<\/p>\n","protected":false},"author":13,"featured_media":51382,"comment_status":"open","ping_status":"open","sticky":false,"template":"","format":"standard","meta":{"footnotes":""},"categories":[260],"tags":[2991,4209,2606],"class_list":["post-51380","post","type-post","status-publish","format-standard","has-post-thumbnail","hentry","category-new","tag-ack-promote","tag-amyl-the-sniffers","tag-hipnosis"],"_links":{"self":[{"href":"https:\/\/summainferno.com\/en\/wp-json\/wp\/v2\/posts\/51380","targetHints":{"allow":["GET"]}}],"collection":[{"href":"https:\/\/summainferno.com\/en\/wp-json\/wp\/v2\/posts"}],"about":[{"href":"https:\/\/summainferno.com\/en\/wp-json\/wp\/v2\/types\/post"}],"author":[{"embeddable":true,"href":"https:\/\/summainferno.com\/en\/wp-json\/wp\/v2\/users\/13"}],"replies":[{"embeddable":true,"href":"https:\/\/summainferno.com\/en\/wp-json\/wp\/v2\/comments?post=51380"}],"version-history":[{"count":1,"href":"https:\/\/summainferno.com\/en\/wp-json\/wp\/v2\/posts\/51380\/revisions"}],"predecessor-version":[{"id":51383,"href":"https:\/\/summainferno.com\/en\/wp-json\/wp\/v2\/posts\/51380\/revisions\/51383"}],"wp:featuredmedia":[{"embeddable":true,"href":"https:\/\/summainferno.com\/en\/wp-json\/wp\/v2\/media\/51382"}],"wp:attachment":[{"href":"https:\/\/summainferno.com\/en\/wp-json\/wp\/v2\/media?parent=51380"}],"wp:term":[{"taxonomy":"category","embeddable":true,"href":"https:\/\/summainferno.com\/en\/wp-json\/wp\/v2\/categories?post=51380"},{"taxonomy":"post_tag","embeddable":true,"href":"https:\/\/summainferno.com\/en\/wp-json\/wp\/v2\/tags?post=51380"}],"curies":[{"name":"wp","href":"https:\/\/api.w.org\/{rel}","templated":true}]}}