{"id":51156,"date":"2022-12-22T10:31:43","date_gmt":"2022-12-22T16:31:43","guid":{"rendered":"https:\/\/summainferno.com\/?p=51156"},"modified":"2022-12-22T10:35:27","modified_gmt":"2022-12-22T16:35:27","slug":"korn-confirmado-para-machaca-2023","status":"publish","type":"post","link":"https:\/\/summainferno.com\/en\/korn-confirmado-para-machaca-2023\/","title":{"rendered":"Korn confirmado para Machaca 2023"},"content":{"rendered":"<p><strong>Korn<\/strong> volver\u00e1 a M\u00e9xico para formar parte del festival regio Machaca que se llevar\u00e1 a cabo el d\u00eda 24 de junio del 2023 en el Parque Fundidora. Por ahora, son la \u00fanica banda anunciada para el evento que se caracteriza por ser una mezcla de g\u00e9neros.<\/p>\n\n\n\n<p>Los boletos estar\u00e1n a la venta a partir del 26 de diciembre a trav\u00e9s de Superboletos. <strong>Korn <\/strong>dar\u00e1 m\u00e1s fechas en el pa\u00eds durante 2023, se anunciar\u00e1 m\u00e1s informaci\u00f3n en breve.<\/p>\n\n\n\n<ul class=\"wp-block-list\">\n<li><strong>General Fase 1<\/strong> &#8211; 1,080 + cargos<\/li>\n\n\n\n<li><strong>Premium  Fase 1<\/strong> &#8211; 1,400 + cargos<\/li>\n\n\n\n<li><strong>VIP  Fase 1 <\/strong>&#8211; 1,900 + cargos<\/li>\n<\/ul>\n\n\n\n<p>El m\u00e1s reciente \u00e1lbum de la banda comandada por<strong> Jonathan Davis<\/strong>, &#8216;Requiem&#8217; fue lanzado en febrero del 2022.<\/p>\n\n\n\n<figure class=\"wp-block-image size-large\"><img decoding=\"async\" width=\"819\" height=\"1024\" loading=\"lazy\" src=\"https:\/\/summainferno.com\/wp-content\/uploads\/2022\/12\/321606327_846359396628972_2683101062431256661_n-819x1024.jpg\" alt=\"\" class=\"wp-image-51157\" title=\"\" srcset=\"https:\/\/summainferno.com\/wp-content\/uploads\/2022\/12\/321606327_846359396628972_2683101062431256661_n-819x1024.jpg 819w, https:\/\/summainferno.com\/wp-content\/uploads\/2022\/12\/321606327_846359396628972_2683101062431256661_n-240x300.jpg 240w, https:\/\/summainferno.com\/wp-content\/uploads\/2022\/12\/321606327_846359396628972_2683101062431256661_n-768x960.jpg 768w, https:\/\/summainferno.com\/wp-content\/uploads\/2022\/12\/321606327_846359396628972_2683101062431256661_n-380x475.jpg 380w, https:\/\/summainferno.com\/wp-content\/uploads\/2022\/12\/321606327_846359396628972_2683101062431256661_n-800x1000.jpg 800w, https:\/\/summainferno.com\/wp-content\/uploads\/2022\/12\/321606327_846359396628972_2683101062431256661_n-760x950.jpg 760w, https:\/\/summainferno.com\/wp-content\/uploads\/2022\/12\/321606327_846359396628972_2683101062431256661_n-480x600.jpg 480w, https:\/\/summainferno.com\/wp-content\/uploads\/2022\/12\/321606327_846359396628972_2683101062431256661_n.jpg 1080w\" sizes=\"auto, (max-width: 819px) 100vw, 819px\" \/><noscript><img decoding=\"async\" width=\"819\" height=\"1024\" src=\"https:\/\/summainferno.com\/wp-content\/uploads\/2022\/12\/321606327_846359396628972_2683101062431256661_n-819x1024.jpg\" alt=\"\" class=\"wp-image-51157\" title=\"\" srcset=\"https:\/\/summainferno.com\/wp-content\/uploads\/2022\/12\/321606327_846359396628972_2683101062431256661_n-819x1024.jpg 819w, https:\/\/summainferno.com\/wp-content\/uploads\/2022\/12\/321606327_846359396628972_2683101062431256661_n-240x300.jpg 240w, https:\/\/summainferno.com\/wp-content\/uploads\/2022\/12\/321606327_846359396628972_2683101062431256661_n-768x960.jpg 768w, https:\/\/summainferno.com\/wp-content\/uploads\/2022\/12\/321606327_846359396628972_2683101062431256661_n-380x475.jpg 380w, https:\/\/summainferno.com\/wp-content\/uploads\/2022\/12\/321606327_846359396628972_2683101062431256661_n-800x1000.jpg 800w, https:\/\/summainferno.com\/wp-content\/uploads\/2022\/12\/321606327_846359396628972_2683101062431256661_n-760x950.jpg 760w, https:\/\/summainferno.com\/wp-content\/uploads\/2022\/12\/321606327_846359396628972_2683101062431256661_n-480x600.jpg 480w, https:\/\/summainferno.com\/wp-content\/uploads\/2022\/12\/321606327_846359396628972_2683101062431256661_n.jpg 1080w\" sizes=\"(max-width: 819px) 100vw, 819px\" \/><\/noscript><\/figure>","protected":false},"excerpt":{"rendered":"<p>Korn volver\u00e1 a M\u00e9xico para formar parte del festival regio Machaca que se llevar\u00e1 a cabo el d\u00eda 24 de junio del 2023 en el Parque Fundidora. Por ahora, son la \u00fanica banda anunciada para el evento que se caracteriza por ser una mezcla de g\u00e9neros. Los boletos estar\u00e1n a la venta a partir del 26 de diciembre a trav\u00e9s de Superboletos. Korn dar\u00e1 m\u00e1s fechas en el pa\u00eds durante 2023, se anunciar\u00e1 m\u00e1s informaci\u00f3n en breve. El m\u00e1s reciente [&hellip;]<\/p>\n","protected":false},"author":1,"featured_media":46925,"comment_status":"open","ping_status":"open","sticky":false,"template":"","format":"standard","meta":{"footnotes":""},"categories":[111,260,442],"tags":[3958,1100,259,25],"class_list":["post-51156","post","type-post","status-publish","format-standard","has-post-thumbnail","hentry","category-destacado","category-new","category-nu-metal","tag-3958","tag-korn","tag-machaca","tag-mexico"],"_links":{"self":[{"href":"https:\/\/summainferno.com\/en\/wp-json\/wp\/v2\/posts\/51156","targetHints":{"allow":["GET"]}}],"collection":[{"href":"https:\/\/summainferno.com\/en\/wp-json\/wp\/v2\/posts"}],"about":[{"href":"https:\/\/summainferno.com\/en\/wp-json\/wp\/v2\/types\/post"}],"author":[{"embeddable":true,"href":"https:\/\/summainferno.com\/en\/wp-json\/wp\/v2\/users\/1"}],"replies":[{"embeddable":true,"href":"https:\/\/summainferno.com\/en\/wp-json\/wp\/v2\/comments?post=51156"}],"version-history":[{"count":2,"href":"https:\/\/summainferno.com\/en\/wp-json\/wp\/v2\/posts\/51156\/revisions"}],"predecessor-version":[{"id":51160,"href":"https:\/\/summainferno.com\/en\/wp-json\/wp\/v2\/posts\/51156\/revisions\/51160"}],"wp:featuredmedia":[{"embeddable":true,"href":"https:\/\/summainferno.com\/en\/wp-json\/wp\/v2\/media\/46925"}],"wp:attachment":[{"href":"https:\/\/summainferno.com\/en\/wp-json\/wp\/v2\/media?parent=51156"}],"wp:term":[{"taxonomy":"category","embeddable":true,"href":"https:\/\/summainferno.com\/en\/wp-json\/wp\/v2\/categories?post=51156"},{"taxonomy":"post_tag","embeddable":true,"href":"https:\/\/summainferno.com\/en\/wp-json\/wp\/v2\/tags?post=51156"}],"curies":[{"name":"wp","href":"https:\/\/api.w.org\/{rel}","templated":true}]}}