{"id":5081,"date":"2014-07-22T12:05:57","date_gmt":"2014-07-22T17:05:57","guid":{"rendered":"http:\/\/summainferno.com\/?p=5081"},"modified":"2014-07-22T12:05:57","modified_gmt":"2014-07-22T17:05:57","slug":"un-nuevo-dvd-en-vivo-de-depeche-mode-viene-en-camino","status":"publish","type":"post","link":"https:\/\/summainferno.com\/en\/un-nuevo-dvd-en-vivo-de-depeche-mode-viene-en-camino\/","title":{"rendered":"Un nuevo DVD en vivo de DEPECHE MODE viene en camino."},"content":{"rendered":"<hr \/>\n<p>Como ya les habiamos <a href=\"http:\/\/summainferno.com\/depeche-mode-lanzara-un-nuevo-dvd\/\">informado previamente<\/a>, <strong>Depeche Mode<\/strong> grab\u00f3 sus shows del 25 y 27 de Noviembre del 2013 en el <em>02 World<\/em> de Berlin para lanzar un nuevo DVD en vivo de su <em>&#8220;Delta Machine Tour&#8221;<\/em>.<\/p>\n<p>El material, dirigido y filmado por Anton Corbijn ver\u00e1 la luz en Septiembre pr\u00f3ximo en formato DVD y Bluray, aunque no se sabe todav\u00eda los detalles del lanzamiento o si habr\u00e1 material extra en la edici\u00f3n Bluray.<\/p>\n<p>El setlist de los shows incluy\u00f3 grandes cl\u00e1sicos como\u00a0\u2018Welcome To My World\u2019, \u2018Angel\u2019, \u2018Should Be Higher\u2019, \u2018The Child Inside\u2019 y \u2018Heaven\u2019.<\/p>\n<p>&nbsp;<\/p>\n<p><center><script type=\"text\/javascript\"><!--\ngoogle_ad_client = \"ca-pub-8282788028445307\";\n\/* Summa News *\/\ngoogle_ad_slot = \"6232665367\";\ngoogle_ad_width = 728;\ngoogle_ad_height = 90;\n\/\/-->\n<\/script><br \/>\n<script type=\"text\/javascript\"\nsrc=\"\/\/pagead2.googlesyndication.com\/pagead\/show_ads.js\">\n<\/script><\/center><\/p>\n<p>&nbsp;<\/p>","protected":false},"excerpt":{"rendered":"<p>Como ya les habiamos informado previamente, Depeche Mode grab\u00f3 sus shows del 25 y 27 de Noviembre del 2013 en el 02 World de Berlin para lanzar un nuevo DVD en vivo de su &#8220;Delta Machine Tour&#8221;. El material, dirigido y filmado por Anton Corbijn ver\u00e1 la luz en Septiembre pr\u00f3ximo en formato DVD y Bluray, aunque no se sabe todav\u00eda los detalles del lanzamiento o si habr\u00e1 material extra en la edici\u00f3n Bluray. El setlist de los shows incluy\u00f3 [&hellip;]<\/p>\n","protected":false},"author":1,"featured_media":5082,"comment_status":"open","ping_status":"open","sticky":false,"template":"","format":"standard","meta":{"footnotes":""},"categories":[111,1052],"tags":[21,1844,2402],"class_list":["post-5081","post","type-post","status-publish","format-standard","has-post-thumbnail","hentry","category-destacado","category-electro","tag-21","tag-depeche-mode","tag-dvd-en-vivo"],"_links":{"self":[{"href":"https:\/\/summainferno.com\/en\/wp-json\/wp\/v2\/posts\/5081","targetHints":{"allow":["GET"]}}],"collection":[{"href":"https:\/\/summainferno.com\/en\/wp-json\/wp\/v2\/posts"}],"about":[{"href":"https:\/\/summainferno.com\/en\/wp-json\/wp\/v2\/types\/post"}],"author":[{"embeddable":true,"href":"https:\/\/summainferno.com\/en\/wp-json\/wp\/v2\/users\/1"}],"replies":[{"embeddable":true,"href":"https:\/\/summainferno.com\/en\/wp-json\/wp\/v2\/comments?post=5081"}],"version-history":[{"count":0,"href":"https:\/\/summainferno.com\/en\/wp-json\/wp\/v2\/posts\/5081\/revisions"}],"wp:featuredmedia":[{"embeddable":true,"href":"https:\/\/summainferno.com\/en\/wp-json\/"}],"wp:attachment":[{"href":"https:\/\/summainferno.com\/en\/wp-json\/wp\/v2\/media?parent=5081"}],"wp:term":[{"taxonomy":"category","embeddable":true,"href":"https:\/\/summainferno.com\/en\/wp-json\/wp\/v2\/categories?post=5081"},{"taxonomy":"post_tag","embeddable":true,"href":"https:\/\/summainferno.com\/en\/wp-json\/wp\/v2\/tags?post=5081"}],"curies":[{"name":"wp","href":"https:\/\/api.w.org\/{rel}","templated":true}]}}