{"id":50187,"date":"2022-08-15T10:55:53","date_gmt":"2022-08-15T16:55:53","guid":{"rendered":"https:\/\/summainferno.com\/?p=50187"},"modified":"2022-08-15T10:55:55","modified_gmt":"2022-08-15T16:55:55","slug":"los-fans-de-rammstein-estan-muy-ofendidos-con-el-dr-simi","status":"publish","type":"post","link":"https:\/\/summainferno.com\/en\/los-fans-de-rammstein-estan-muy-ofendidos-con-el-dr-simi\/","title":{"rendered":"Los fans de Rammstein est\u00e1n muy ofendidos con el Dr. Simi"},"content":{"rendered":"\n<p>Si bien el aventar un peluche del ya famoso Dr. Simi se ha vuelto una tradici\u00f3n en casi todos los conciertos donde asiste un mexicano, hay algunos que no est\u00e1n tan de acuerdo con esto. <\/p>\n\n\n\n<p>Espec\u00edficamente, los fans de la banda alemana <strong>Rammstein<\/strong>, quienes est\u00e1n haciendo campa\u00f1a para que el personaje no haga su aparici\u00f3n durante los tres shows de la banda en la ciudad de M\u00e9xico, programados para octubre de este a\u00f1o en el Foro Sol.<\/p>\n\n\n\n<p>Todo comenz\u00f3 en el sitio Rammstein Shop M\u00e9xico, donde atentamente ped\u00edan no arrojar al peluche a la banda, pues esto podr\u00eda entorpecer el show.<\/p>\n\n\n\n<p>&#8220;Si en verdad valoras el trabajo de la banda, no hagas este tipo de cosas.\u00a0<a href=\"https:\/\/www.facebook.com\/hashtag\/rammstein?__eep__=6&amp;__cft__[0]=AZW1yEFPZ9bL6Ocv9n2ncPra1IBL89qXA6WZJ5MI_p7g0RkFTSFQtyjNd7fu3m6oeqDoO5e6KqwAoqxECOZL41tVg0LV7lDGaLNOJWiliDCgpLPvxJxyBgy547uYw9L_9g-ETZ-BPvQjaCJnkjFMZYy6PEsS_jxFYeGAqM1vtf4JL63yJn1diVxdgPt2GA0ivKg&amp;__tn__=*NK*F\" target=\"_blank\" rel=\"noopener\">#Rammstein<\/a>\u00a0tiene un espect\u00e1culo muy meticuloso y cualquier situacion ajena puede conllevar un enojo de la banda (nos terminen eliminando del proximo DVD :&#8217;v o peor nos mandan ALV del pr\u00f3ximo Tour)&#8221;<\/p>\n\n\n\n<p><strong>Y t\u00fa, \u00bfvas a aventar el peluche?<\/strong><\/p>\n\n\n\n<figure class=\"wp-block-embed is-type-rich is-provider-facebook wp-block-embed-facebook\"><div class=\"wp-block-embed__wrapper\">\n<div id=\"fb-root\"><\/div><script async=\"1\" defer=\"1\" crossorigin=\"anonymous\" src=\"https:\/\/connect.facebook.net\/ru_RU\/sdk.js#xfbml=1&amp;version=v14.0\" nonce=\"kFJIrBEN\"><\/script><div class=\"fb-post\" data-href=\"https:\/\/www.facebook.com\/RammsteinShopMexico\/photos\/a.125276344215990\/5328614507215455\/\" data-width=\"750\"><blockquote cite=\"https:\/\/www.facebook.com\/RammsteinShopMexico\/photos\/a.125276344215990\/5328614507215455\/?type=3\" class=\"fb-xfbml-parse-ignore\"><p>A veces decir la verdad incomoda..Si en verdad valoras el trabajo de la banda, no hagas este tipo de cosas. #Rammstein&#8230;<\/p>Posted by <a href=\"https:\/\/www.facebook.com\/109752475768377\" target=\"_blank\" rel=\"noopener\">Rammstein Shop M\u00e9xico<\/a> on&nbsp;<a href=\"https:\/\/www.facebook.com\/RammsteinShopMexico\/photos\/a.125276344215990\/5328614507215455\/?type=3\" target=\"_blank\" rel=\"noopener\">Saturday, August 13, 2022<\/a><\/blockquote><\/div>\n<\/div><\/figure>\n","protected":false},"excerpt":{"rendered":"<p>Si bien el aventar un peluche del ya famoso Dr. Simi se ha vuelto una tradici\u00f3n en casi todos los conciertos donde asiste un mexicano, hay algunos que no est\u00e1n tan de acuerdo con esto. Espec\u00edficamente, los fans de la banda alemana Rammstein, quienes est\u00e1n haciendo campa\u00f1a para que el personaje no haga su aparici\u00f3n durante los tres shows de la banda en la ciudad de M\u00e9xico, programados para octubre de este a\u00f1o en el Foro Sol. Todo comenz\u00f3 en [&hellip;]<\/p>\n","protected":false},"author":1,"featured_media":50189,"comment_status":"open","ping_status":"open","sticky":false,"template":"","format":"standard","meta":{"footnotes":""},"categories":[1697,260],"tags":[278],"class_list":["post-50187","post","type-post","status-publish","format-standard","has-post-thumbnail","hentry","category-industrial-entrevistas","category-new","tag-rammstein"],"_links":{"self":[{"href":"https:\/\/summainferno.com\/en\/wp-json\/wp\/v2\/posts\/50187","targetHints":{"allow":["GET"]}}],"collection":[{"href":"https:\/\/summainferno.com\/en\/wp-json\/wp\/v2\/posts"}],"about":[{"href":"https:\/\/summainferno.com\/en\/wp-json\/wp\/v2\/types\/post"}],"author":[{"embeddable":true,"href":"https:\/\/summainferno.com\/en\/wp-json\/wp\/v2\/users\/1"}],"replies":[{"embeddable":true,"href":"https:\/\/summainferno.com\/en\/wp-json\/wp\/v2\/comments?post=50187"}],"version-history":[{"count":1,"href":"https:\/\/summainferno.com\/en\/wp-json\/wp\/v2\/posts\/50187\/revisions"}],"predecessor-version":[{"id":50190,"href":"https:\/\/summainferno.com\/en\/wp-json\/wp\/v2\/posts\/50187\/revisions\/50190"}],"wp:featuredmedia":[{"embeddable":true,"href":"https:\/\/summainferno.com\/en\/wp-json\/wp\/v2\/media\/50189"}],"wp:attachment":[{"href":"https:\/\/summainferno.com\/en\/wp-json\/wp\/v2\/media?parent=50187"}],"wp:term":[{"taxonomy":"category","embeddable":true,"href":"https:\/\/summainferno.com\/en\/wp-json\/wp\/v2\/categories?post=50187"},{"taxonomy":"post_tag","embeddable":true,"href":"https:\/\/summainferno.com\/en\/wp-json\/wp\/v2\/tags?post=50187"}],"curies":[{"name":"wp","href":"https:\/\/api.w.org\/{rel}","templated":true}]}}