{"id":50167,"date":"2022-08-10T10:46:19","date_gmt":"2022-08-10T16:46:19","guid":{"rendered":"https:\/\/summainferno.com\/?p=50167"},"modified":"2022-08-10T10:46:20","modified_gmt":"2022-08-10T16:46:20","slug":"yeah-yeah-yeahs-regresa-a-guadalajara-en-noviembre","status":"publish","type":"post","link":"https:\/\/summainferno.com\/en\/yeah-yeah-yeahs-regresa-a-guadalajara-en-noviembre\/","title":{"rendered":"Yeah Yeah Yeahs regresa a Guadalajara en noviembre"},"content":{"rendered":"<p>Desde hace algunas semanas, ya estaba confirmada la participaci\u00f3n del tr\u00edo neoyorquino en el festival <em>Capital Crown<\/em>, y haciendo creer a los fans de <strong>YYY&#8217;s<\/strong> que esa ser\u00eda la \u00fanica oportunidad de verlos en vivo en el pa\u00eds, al menos en este a\u00f1o.<\/p>\n\n\n\n<p>Pero hoy una buena nueva para muchos se ha dado a conocer y se ha confirmado un show en solitario de la banda en la ciudad de Guadalajara, programado para el pr\u00f3ximo <strong>17 de noviembre<\/strong> at<strong> Guanamor Teatro Studio<\/strong>, y cuya preventa exclusiva ser\u00e1 el pr\u00f3ximo 15 y 16 de agosto.<\/p>\n\n\n\n<figure class=\"wp-block-image size-large\"><img decoding=\"async\" width=\"1024\" height=\"1024\" loading=\"lazy\" src=\"https:\/\/summainferno.com\/wp-content\/uploads\/2022\/08\/YYYs-Guadalajara-1024x1024.jpg\" alt=\"\" class=\"wp-image-50168\" title=\"\" srcset=\"https:\/\/summainferno.com\/wp-content\/uploads\/2022\/08\/YYYs-Guadalajara-1024x1024.jpg 1024w, https:\/\/summainferno.com\/wp-content\/uploads\/2022\/08\/YYYs-Guadalajara-300x300.jpg 300w, https:\/\/summainferno.com\/wp-content\/uploads\/2022\/08\/YYYs-Guadalajara-150x150.jpg 150w, https:\/\/summainferno.com\/wp-content\/uploads\/2022\/08\/YYYs-Guadalajara-768x768.jpg 768w, https:\/\/summainferno.com\/wp-content\/uploads\/2022\/08\/YYYs-Guadalajara-80x80.jpg 80w, https:\/\/summainferno.com\/wp-content\/uploads\/2022\/08\/YYYs-Guadalajara-110x110.jpg 110w, https:\/\/summainferno.com\/wp-content\/uploads\/2022\/08\/YYYs-Guadalajara-380x380.jpg 380w, https:\/\/summainferno.com\/wp-content\/uploads\/2022\/08\/YYYs-Guadalajara-800x800.jpg 800w, https:\/\/summainferno.com\/wp-content\/uploads\/2022\/08\/YYYs-Guadalajara-24x24.jpg 24w, https:\/\/summainferno.com\/wp-content\/uploads\/2022\/08\/YYYs-Guadalajara-48x48.jpg 48w, https:\/\/summainferno.com\/wp-content\/uploads\/2022\/08\/YYYs-Guadalajara-96x96.jpg 96w, https:\/\/summainferno.com\/wp-content\/uploads\/2022\/08\/YYYs-Guadalajara-160x160.jpg 160w, https:\/\/summainferno.com\/wp-content\/uploads\/2022\/08\/YYYs-Guadalajara-220x220.jpg 220w, https:\/\/summainferno.com\/wp-content\/uploads\/2022\/08\/YYYs-Guadalajara-760x760.jpg 760w, https:\/\/summainferno.com\/wp-content\/uploads\/2022\/08\/YYYs-Guadalajara-192x192.jpg 192w, https:\/\/summainferno.com\/wp-content\/uploads\/2022\/08\/YYYs-Guadalajara-600x600.jpg 600w, https:\/\/summainferno.com\/wp-content\/uploads\/2022\/08\/YYYs-Guadalajara.jpg 1080w\" sizes=\"auto, (max-width: 1024px) 100vw, 1024px\" \/><noscript><img decoding=\"async\" width=\"1024\" height=\"1024\" src=\"https:\/\/summainferno.com\/wp-content\/uploads\/2022\/08\/YYYs-Guadalajara-1024x1024.jpg\" alt=\"\" class=\"wp-image-50168\" title=\"\" srcset=\"https:\/\/summainferno.com\/wp-content\/uploads\/2022\/08\/YYYs-Guadalajara-1024x1024.jpg 1024w, https:\/\/summainferno.com\/wp-content\/uploads\/2022\/08\/YYYs-Guadalajara-300x300.jpg 300w, https:\/\/summainferno.com\/wp-content\/uploads\/2022\/08\/YYYs-Guadalajara-150x150.jpg 150w, https:\/\/summainferno.com\/wp-content\/uploads\/2022\/08\/YYYs-Guadalajara-768x768.jpg 768w, https:\/\/summainferno.com\/wp-content\/uploads\/2022\/08\/YYYs-Guadalajara-80x80.jpg 80w, https:\/\/summainferno.com\/wp-content\/uploads\/2022\/08\/YYYs-Guadalajara-110x110.jpg 110w, https:\/\/summainferno.com\/wp-content\/uploads\/2022\/08\/YYYs-Guadalajara-380x380.jpg 380w, https:\/\/summainferno.com\/wp-content\/uploads\/2022\/08\/YYYs-Guadalajara-800x800.jpg 800w, https:\/\/summainferno.com\/wp-content\/uploads\/2022\/08\/YYYs-Guadalajara-24x24.jpg 24w, https:\/\/summainferno.com\/wp-content\/uploads\/2022\/08\/YYYs-Guadalajara-48x48.jpg 48w, https:\/\/summainferno.com\/wp-content\/uploads\/2022\/08\/YYYs-Guadalajara-96x96.jpg 96w, https:\/\/summainferno.com\/wp-content\/uploads\/2022\/08\/YYYs-Guadalajara-160x160.jpg 160w, https:\/\/summainferno.com\/wp-content\/uploads\/2022\/08\/YYYs-Guadalajara-220x220.jpg 220w, https:\/\/summainferno.com\/wp-content\/uploads\/2022\/08\/YYYs-Guadalajara-760x760.jpg 760w, https:\/\/summainferno.com\/wp-content\/uploads\/2022\/08\/YYYs-Guadalajara-192x192.jpg 192w, https:\/\/summainferno.com\/wp-content\/uploads\/2022\/08\/YYYs-Guadalajara-600x600.jpg 600w, https:\/\/summainferno.com\/wp-content\/uploads\/2022\/08\/YYYs-Guadalajara.jpg 1080w\" sizes=\"(max-width: 1024px) 100vw, 1024px\" \/><\/noscript><\/figure>\n\n\n\n<p>No te pierdas el acto en vivo de <em>Karen O, Nick Zinner y Brian<\/em>, en donde obviamente se podr\u00e1 disfrutar de los grandes y entra\u00f1ables cl\u00e1sicos de la banda y de la nueva m\u00fasica que vendr\u00e1 con la salida de su pr\u00f3ximo \u00e1lbum <strong>&#8216;Cool it Down&#8217; <\/strong>que se estrena en septiembre.<\/p>","protected":false},"excerpt":{"rendered":"<p>Desde hace algunas semanas, ya estaba confirmada la participaci\u00f3n del tr\u00edo neoyorquino en el festival Corona Capital, y haciendo creer a los fans de YYY&#8217;s que esa ser\u00eda la \u00fanica oportunidad de verlos en vivo en el pa\u00eds, al menos en este a\u00f1o. Pero hoy una buena nueva para muchos se ha dado a conocer y se ha confirmado un show en solitario de la banda en la ciudad de Guadalajara, programado para el pr\u00f3ximo 17 de noviembre en el [&hellip;]<\/p>\n","protected":false},"author":13,"featured_media":50169,"comment_status":"open","ping_status":"open","sticky":false,"template":"","format":"standard","meta":{"footnotes":""},"categories":[260],"tags":[],"class_list":["post-50167","post","type-post","status-publish","format-standard","has-post-thumbnail","hentry","category-new"],"_links":{"self":[{"href":"https:\/\/summainferno.com\/en\/wp-json\/wp\/v2\/posts\/50167","targetHints":{"allow":["GET"]}}],"collection":[{"href":"https:\/\/summainferno.com\/en\/wp-json\/wp\/v2\/posts"}],"about":[{"href":"https:\/\/summainferno.com\/en\/wp-json\/wp\/v2\/types\/post"}],"author":[{"embeddable":true,"href":"https:\/\/summainferno.com\/en\/wp-json\/wp\/v2\/users\/13"}],"replies":[{"embeddable":true,"href":"https:\/\/summainferno.com\/en\/wp-json\/wp\/v2\/comments?post=50167"}],"version-history":[{"count":2,"href":"https:\/\/summainferno.com\/en\/wp-json\/wp\/v2\/posts\/50167\/revisions"}],"predecessor-version":[{"id":50171,"href":"https:\/\/summainferno.com\/en\/wp-json\/wp\/v2\/posts\/50167\/revisions\/50171"}],"wp:featuredmedia":[{"embeddable":true,"href":"https:\/\/summainferno.com\/en\/wp-json\/wp\/v2\/media\/50169"}],"wp:attachment":[{"href":"https:\/\/summainferno.com\/en\/wp-json\/wp\/v2\/media?parent=50167"}],"wp:term":[{"taxonomy":"category","embeddable":true,"href":"https:\/\/summainferno.com\/en\/wp-json\/wp\/v2\/categories?post=50167"},{"taxonomy":"post_tag","embeddable":true,"href":"https:\/\/summainferno.com\/en\/wp-json\/wp\/v2\/tags?post=50167"}],"curies":[{"name":"wp","href":"https:\/\/api.w.org\/{rel}","templated":true}]}}